{"id":776,"date":"2020-11-11T20:03:15","date_gmt":"2020-11-11T20:03:15","guid":{"rendered":"http:\/\/www.lodelmomentoloja.com\/?p=776"},"modified":"2020-11-11T20:03:16","modified_gmt":"2020-11-11T20:03:16","slug":"ricardo-montaner-sera-embajador-por-la-paz","status":"publish","type":"post","link":"https:\/\/www.lodelmomentoloja.com\/?p=776","title":{"rendered":"Ricardo Montaner ser\u00e1 Embajador por la paz."},"content":{"rendered":"\n<p>El cantautor Ricardo Montaner ser\u00e1 reconocido como Embajador por la Paz de PeaceTech Lab.<\/p>\n\n\n\n<p>Esto debido a su apoyo sostenible a la misi\u00f3n y programas de esta organizaci\u00f3n sin fines de lucro durante la entrega de los Premios Internacionales por la Paz, que se celebrar\u00e1 el pr\u00f3ximo 6 de diciembre.<\/p>\n\n\n\n<p>\u201cEs un honor para nuestra organizaci\u00f3n poder nombrar a Ricardo Montaner como nuestro Embajador por la Paz, por su compromiso humanitario de por vida como defensor de los ni\u00f1os, los migrantes y otros grupos vulnerables\u201d, indic\u00f3 en un comunicado Sheldon Himelfarb, presidente y director ejecutivo de PeaceTech Lab.<\/p>\n\n\n\n<p>En esa ceremonia tambi\u00e9n ser\u00e1n reconocidos por la organizaci\u00f3n sin fines de lucro fundada por el Instituto de la Paz de Estados Unidos el epidemi\u00f3logo Antonio Faucci, la cofundadora de Black Lives Matter Opal Tometi y el cantante Ricky Martin.<\/p>\n","protected":false},"excerpt":{"rendered":"<p>El cantautor Ricardo Montaner ser\u00e1 reconocido como Embajador por la Paz de PeaceTech Lab. Esto&#8230;<\/p>\n","protected":false},"author":1,"featured_media":777,"comment_status":"open","ping_status":"open","sticky":false,"template":"","format":"standard","meta":{"footnotes":""},"categories":[1,4],"tags":[],"class_list":["post-776","post","type-post","status-publish","format-standard","has-post-thumbnail","hentry","category-inicio","category-internacional"],"_links":{"self":[{"href":"https:\/\/www.lodelmomentoloja.com\/index.php?rest_route=\/wp\/v2\/posts\/776"}],"collection":[{"href":"https:\/\/www.lodelmomentoloja.com\/index.php?rest_route=\/wp\/v2\/posts"}],"about":[{"href":"https:\/\/www.lodelmomentoloja.com\/index.php?rest_route=\/wp\/v2\/types\/post"}],"author":[{"embeddable":true,"href":"https:\/\/www.lodelmomentoloja.com\/index.php?rest_route=\/wp\/v2\/users\/1"}],"replies":[{"embeddable":true,"href":"https:\/\/www.lodelmomentoloja.com\/index.php?rest_route=%2Fwp%2Fv2%2Fcomments&post=776"}],"version-history":[{"count":1,"href":"https:\/\/www.lodelmomentoloja.com\/index.php?rest_route=\/wp\/v2\/posts\/776\/revisions"}],"predecessor-version":[{"id":778,"href":"https:\/\/www.lodelmomentoloja.com\/index.php?rest_route=\/wp\/v2\/posts\/776\/revisions\/778"}],"wp:featuredmedia":[{"embeddable":true,"href":"https:\/\/www.lodelmomentoloja.com\/index.php?rest_route=\/wp\/v2\/media\/777"}],"wp:attachment":[{"href":"https:\/\/www.lodelmomentoloja.com\/index.php?rest_route=%2Fwp%2Fv2%2Fmedia&parent=776"}],"wp:term":[{"taxonomy":"category","embeddable":true,"href":"https:\/\/www.lodelmomentoloja.com\/index.php?rest_route=%2Fwp%2Fv2%2Fcategories&post=776"},{"taxonomy":"post_tag","embeddable":true,"href":"https:\/\/www.lodelmomentoloja.com\/index.php?rest_route=%2Fwp%2Fv2%2Ftags&post=776"}],"curies":[{"name":"wp","href":"https:\/\/api.w.org\/{rel}","templated":true}]}}