{"id":7755,"date":"2022-01-31T09:20:49","date_gmt":"2022-01-31T09:20:49","guid":{"rendered":"https:\/\/www.lodelmomentoloja.com\/?p=7755"},"modified":"2022-01-31T19:35:47","modified_gmt":"2022-01-31T19:35:47","slug":"tucan-andino-de-ecuador-es-designado-ave-emblematica-de-pichincha","status":"publish","type":"post","link":"https:\/\/www.lodelmomentoloja.com\/?p=7755","title":{"rendered":"Tuc\u00e1n andino de Ecuador es designado ave emblem\u00e1tica de Pichincha"},"content":{"rendered":"<header class=\"si-detail__header\">\n<div class=\"si-detail__header-title\">\n<div class=\"si-grid si-grid--border\">\n<div>\n<p class=\"si-detail__title\">#Ecuador | El tuc\u00e1n del Choc\u00f3 andino (ramphastos), un p\u00e1jaro vistoso y colorido, emparentado con el gracioso &#8220;diosted\u00e9&#8221;, ha sido declarado para este a\u00f1o como &#8220;Ave emblem\u00e1tica&#8221; de la provincia ecuatoriana de Pichincha, cuya capital es Quito.<\/p>\n<\/div>\n<\/div>\n<\/div>\n<\/header>\n<div class=\"si-grid\">\n<section class=\"si-detail__content\">Esa designaci\u00f3n fue confirmada este s\u00e1bado durante una ceremonia especial y tras un proceso de selecci\u00f3n en la que tambi\u00e9n participaron aves insignia del pa\u00eds como el \u00e1guila andina y el majestuoso c\u00f3ndor de los Andes.<\/p>\n<p>El tuc\u00e1n andino, habita en zonas subtropicales y en bosques h\u00famedos como El Choc\u00f3, una tibia meseta andina que comparten Ecuador y Colombia.<\/p>\n<p>Con su rostro y pecho tambi\u00e9n te\u00f1ido de un amarillo intenso, con p\u00e1rpados verdosos, plumaje negro, una cola adornada con vivos en blanco y rojo, y patas azules, este tuc\u00e1n figura en Ecuador como especie &#8220;casi amenazada&#8221;.<\/p>\n<p>El tuc\u00e1n de El Choc\u00f3 andino ser\u00e1 el &#8220;Ave emblem\u00e1tica&#8221; de la provincia de Pichincha por un a\u00f1o; mientras que para 2023 se organizar\u00e1 una nueva selecci\u00f3n, precis\u00f3 la Prefectura.<\/p>\n<\/section>\n<p>www.lodelmomentoloja.com<\/p>\n<p>#LDMnoticias #lodelmomentolojaLDM<\/p>\n<\/div>\n","protected":false},"excerpt":{"rendered":"<p>#Ecuador | El tuc\u00e1n del Choc\u00f3 andino (ramphastos), un p\u00e1jaro vistoso y colorido, emparentado con&#8230;<\/p>\n","protected":false},"author":1,"featured_media":7756,"comment_status":"open","ping_status":"open","sticky":false,"template":"","format":"standard","meta":{"footnotes":""},"categories":[7],"tags":[],"class_list":["post-7755","post","type-post","status-publish","format-standard","has-post-thumbnail","hentry","category-ecuador"],"_links":{"self":[{"href":"https:\/\/www.lodelmomentoloja.com\/index.php?rest_route=\/wp\/v2\/posts\/7755"}],"collection":[{"href":"https:\/\/www.lodelmomentoloja.com\/index.php?rest_route=\/wp\/v2\/posts"}],"about":[{"href":"https:\/\/www.lodelmomentoloja.com\/index.php?rest_route=\/wp\/v2\/types\/post"}],"author":[{"embeddable":true,"href":"https:\/\/www.lodelmomentoloja.com\/index.php?rest_route=\/wp\/v2\/users\/1"}],"replies":[{"embeddable":true,"href":"https:\/\/www.lodelmomentoloja.com\/index.php?rest_route=%2Fwp%2Fv2%2Fcomments&post=7755"}],"version-history":[{"count":1,"href":"https:\/\/www.lodelmomentoloja.com\/index.php?rest_route=\/wp\/v2\/posts\/7755\/revisions"}],"predecessor-version":[{"id":7757,"href":"https:\/\/www.lodelmomentoloja.com\/index.php?rest_route=\/wp\/v2\/posts\/7755\/revisions\/7757"}],"wp:featuredmedia":[{"embeddable":true,"href":"https:\/\/www.lodelmomentoloja.com\/index.php?rest_route=\/wp\/v2\/media\/7756"}],"wp:attachment":[{"href":"https:\/\/www.lodelmomentoloja.com\/index.php?rest_route=%2Fwp%2Fv2%2Fmedia&parent=7755"}],"wp:term":[{"taxonomy":"category","embeddable":true,"href":"https:\/\/www.lodelmomentoloja.com\/index.php?rest_route=%2Fwp%2Fv2%2Fcategories&post=7755"},{"taxonomy":"post_tag","embeddable":true,"href":"https:\/\/www.lodelmomentoloja.com\/index.php?rest_route=%2Fwp%2Fv2%2Ftags&post=7755"}],"curies":[{"name":"wp","href":"https:\/\/api.w.org\/{rel}","templated":true}]}}