{"id":7752,"date":"2022-01-31T07:00:37","date_gmt":"2022-01-31T07:00:37","guid":{"rendered":"https:\/\/www.lodelmomentoloja.com\/?p=7752"},"modified":"2022-01-31T19:35:51","modified_gmt":"2022-01-31T19:35:51","slug":"uci-casi-al-tope-de-su-capacidad-en-el-isidro-ayora","status":"publish","type":"post","link":"https:\/\/www.lodelmomentoloja.com\/?p=7752","title":{"rendered":"UCI casi al tope de su capacidad en el Isidro Ayora"},"content":{"rendered":"<p>Aumentos de casos COVID 19 variante \u00d3micron en la ciudad de Loja<\/p>\n<p>Sin duda alguna en la ciudad de Loja el aumento de casos COVID es una preocupaci\u00f3n constante pues el poco o nulo cuidado de los ciudadanos en fechas anteriores han generado un aumento considerable en los contagios por esta nueva y peligrosa variante.<\/p>\n<p>El gerente general del Hospital Isidro Ayora, Oswaldo Aguirre mencion\u00f3 que actualmente esta casa de salud se encuentra en crisis hospitalaria debido a la demanda de pacientes con sintomatolog\u00eda COVID, haciendo \u00e9nfasis tambi\u00e9n en que la crisis no solo se ubica a nivel ciudadano pues tambi\u00e9n el personal que labora al interior del hospital se encuentra perjudicado con s\u00edntomas respiratorios.<\/p>\n<p>Actualmente las 11 de las 12 camas de UCI est\u00e1n ocupadas, es decir, no existe capacidad para recibir a otros pacientes graves, lo que demuestra un incremento preocupante \u201csolo nos queda una cama en la Unidad de Cuidados Intensivos y lamentablemente no podemos recibir m\u00e1s pacientes, si siguen increment\u00e1ndose este tipo de casos graves, eso nos ha originado realmente una verdadera crisis hospitalaria\u201d, indic\u00f3 Aguirre.<\/p>\n<p>Hoy, el centro hospitalario tiene a 150 empleados contagiados, sin embargo, buscan la manera de cumplir con la ciudadan\u00eda \u201chemos tenido la suerte que esto se ha ido dando de una forma paulatina, de tal manera que, quiz\u00e1s hasta el fin de semana podamos recuperar 70 de los empleados, por que ya han cumplido ese reposo\u201d, asegur\u00f3 el gerente General del Isidro.<\/p>\n<p>Hasta el momento existen 3 ni\u00f1os hospitalizados pues son positivos para Covid-19, los mismos que se encuentran en un \u00e1rea especifica y separada de todos los dem\u00e1s ya que a la par de todo esto presentan otras patolog\u00edas respiratorias.<\/p>\n<p>Aguirre, indic\u00f3 que en cuanto a la dotaci\u00f3n de medicamente se encuentran cubiertos y disponen en totalidad de los f\u00e1rmacos necesarios para tratar cualquier crisis o cualquier suceso desfavorable, sin embargo, invita a la ciudadan\u00eda a tener el cuidado necesario en los protocolos de seguridad para de esta manera no generar un desbalance en la dotaci\u00f3n de medicamentos mismos que provienen desde la ciudad de Quito y su tramite conlleva un tiempo considerable<\/p>\n<p>Con respecto a las declaraciones del COE Nacional sobre una supuesta estabilizaci\u00f3n de los casos covid-19, Aguirre mencion\u00f3 que la informaci\u00f3n no se encuentra actualizada en su totalidad \u201ccreo que nosotros no estamos viviendo una realidad exactamente como ellos dicen, nosotros estamos viendo nuestro hospital desbordarse en una semana, de tal manera que tendremos que esto reportarlo para que el COE cantonal tome las caracter\u00edsticas necesarias\u201d, finaliz\u00f3 el servidor m\u00e9dico.<\/p>\n<p>.<\/p>\n<p><em>S\u00edguenos #LDMnoticias #lodelmomentolojaLDM<\/em><\/p>\n","protected":false},"excerpt":{"rendered":"<p>Aumentos de casos COVID 19 variante \u00d3micron en la ciudad de Loja Sin duda alguna&#8230;<\/p>\n","protected":false},"author":1,"featured_media":7753,"comment_status":"open","ping_status":"open","sticky":false,"template":"","format":"standard","meta":{"footnotes":""},"categories":[1,5],"tags":[],"class_list":["post-7752","post","type-post","status-publish","format-standard","has-post-thumbnail","hentry","category-inicio","category-loja"],"_links":{"self":[{"href":"https:\/\/www.lodelmomentoloja.com\/index.php?rest_route=\/wp\/v2\/posts\/7752"}],"collection":[{"href":"https:\/\/www.lodelmomentoloja.com\/index.php?rest_route=\/wp\/v2\/posts"}],"about":[{"href":"https:\/\/www.lodelmomentoloja.com\/index.php?rest_route=\/wp\/v2\/types\/post"}],"author":[{"embeddable":true,"href":"https:\/\/www.lodelmomentoloja.com\/index.php?rest_route=\/wp\/v2\/users\/1"}],"replies":[{"embeddable":true,"href":"https:\/\/www.lodelmomentoloja.com\/index.php?rest_route=%2Fwp%2Fv2%2Fcomments&post=7752"}],"version-history":[{"count":1,"href":"https:\/\/www.lodelmomentoloja.com\/index.php?rest_route=\/wp\/v2\/posts\/7752\/revisions"}],"predecessor-version":[{"id":7754,"href":"https:\/\/www.lodelmomentoloja.com\/index.php?rest_route=\/wp\/v2\/posts\/7752\/revisions\/7754"}],"wp:featuredmedia":[{"embeddable":true,"href":"https:\/\/www.lodelmomentoloja.com\/index.php?rest_route=\/wp\/v2\/media\/7753"}],"wp:attachment":[{"href":"https:\/\/www.lodelmomentoloja.com\/index.php?rest_route=%2Fwp%2Fv2%2Fmedia&parent=7752"}],"wp:term":[{"taxonomy":"category","embeddable":true,"href":"https:\/\/www.lodelmomentoloja.com\/index.php?rest_route=%2Fwp%2Fv2%2Fcategories&post=7752"},{"taxonomy":"post_tag","embeddable":true,"href":"https:\/\/www.lodelmomentoloja.com\/index.php?rest_route=%2Fwp%2Fv2%2Ftags&post=7752"}],"curies":[{"name":"wp","href":"https:\/\/api.w.org\/{rel}","templated":true}]}}