{"id":7722,"date":"2022-01-28T09:06:03","date_gmt":"2022-01-28T09:06:03","guid":{"rendered":"https:\/\/www.lodelmomentoloja.com\/?p=7722"},"modified":"2022-01-28T14:15:43","modified_gmt":"2022-01-28T14:15:43","slug":"diego-verdaguer-fallece-a-los-70-anos-de-edad","status":"publish","type":"post","link":"https:\/\/www.lodelmomentoloja.com\/?p=7722","title":{"rendered":"Diego Verdaguer fallece a los 70 a\u00f1os de edad."},"content":{"rendered":"<p>#Internacional | La m\u00fasica est\u00e1 de luto.<\/p>\n<p>El cantante argentino, nacionalizado mexicano, Diego Verdaguer falleci\u00f3 a los 70 a\u00f1os debido a consecuencias del Covid-19, luego de haberse contagiado en el mes de diciembre.<\/p>\n<p>As\u00ed lo inform\u00f3 este jueves (27.01.2022)\u00a0 su compa\u00f1\u00eda discogr\u00e1fica Diam Music.&#8221;Con absoluta tristeza lamento informar a todo su p\u00fablico y amigos que pap\u00e1 el d\u00eda de hoy dej\u00f3 su hermoso cuerpo para continuar su camino y creatividad en otra forma de vida eterna&#8230; Mi madre, yo y toda la familia estamos sumergidos en este dolor por lo que apreciamos su comprensi\u00f3n en estos momentos tan dif\u00edciles&#8221;, expres\u00f3 su hija, Ana Victoria por medio de un comunicado de prensa.<\/p>\n<p>Seg\u00fan detalla la nota,\u00a0al cantante se le detect\u00f3 el virus del COVID-19 a finales del a\u00f1o pasado y tuvo que ser hospitalizado.<\/p>\n<p>Verdaguer falleci\u00f3 en la ciudad de Los \u00c1ngeles, Estados Unidos y la familia anunci\u00f3 que en ese mismo lugar ser\u00e1 cremado.<\/p>\n<p>www.lodelmomentoloja.com<\/p>\n<p>#LDMnoticias #lodelmomentolojaLDM<\/p>\n","protected":false},"excerpt":{"rendered":"<p>#Internacional | La m\u00fasica est\u00e1 de luto. El cantante argentino, nacionalizado mexicano, Diego Verdaguer falleci\u00f3&#8230;<\/p>\n","protected":false},"author":1,"featured_media":7723,"comment_status":"open","ping_status":"open","sticky":false,"template":"","format":"standard","meta":{"footnotes":""},"categories":[4],"tags":[],"class_list":["post-7722","post","type-post","status-publish","format-standard","has-post-thumbnail","hentry","category-internacional"],"_links":{"self":[{"href":"https:\/\/www.lodelmomentoloja.com\/index.php?rest_route=\/wp\/v2\/posts\/7722"}],"collection":[{"href":"https:\/\/www.lodelmomentoloja.com\/index.php?rest_route=\/wp\/v2\/posts"}],"about":[{"href":"https:\/\/www.lodelmomentoloja.com\/index.php?rest_route=\/wp\/v2\/types\/post"}],"author":[{"embeddable":true,"href":"https:\/\/www.lodelmomentoloja.com\/index.php?rest_route=\/wp\/v2\/users\/1"}],"replies":[{"embeddable":true,"href":"https:\/\/www.lodelmomentoloja.com\/index.php?rest_route=%2Fwp%2Fv2%2Fcomments&post=7722"}],"version-history":[{"count":1,"href":"https:\/\/www.lodelmomentoloja.com\/index.php?rest_route=\/wp\/v2\/posts\/7722\/revisions"}],"predecessor-version":[{"id":7724,"href":"https:\/\/www.lodelmomentoloja.com\/index.php?rest_route=\/wp\/v2\/posts\/7722\/revisions\/7724"}],"wp:featuredmedia":[{"embeddable":true,"href":"https:\/\/www.lodelmomentoloja.com\/index.php?rest_route=\/wp\/v2\/media\/7723"}],"wp:attachment":[{"href":"https:\/\/www.lodelmomentoloja.com\/index.php?rest_route=%2Fwp%2Fv2%2Fmedia&parent=7722"}],"wp:term":[{"taxonomy":"category","embeddable":true,"href":"https:\/\/www.lodelmomentoloja.com\/index.php?rest_route=%2Fwp%2Fv2%2Fcategories&post=7722"},{"taxonomy":"post_tag","embeddable":true,"href":"https:\/\/www.lodelmomentoloja.com\/index.php?rest_route=%2Fwp%2Fv2%2Ftags&post=7722"}],"curies":[{"name":"wp","href":"https:\/\/api.w.org\/{rel}","templated":true}]}}