{"id":7696,"date":"2022-01-27T09:21:30","date_gmt":"2022-01-27T09:21:30","guid":{"rendered":"https:\/\/www.lodelmomentoloja.com\/?p=7696"},"modified":"2022-01-27T14:30:00","modified_gmt":"2022-01-27T14:30:00","slug":"hoy-se-cumple-un-ano-de-la-muerte-de-efrain-ruales","status":"publish","type":"post","link":"https:\/\/www.lodelmomentoloja.com\/?p=7696","title":{"rendered":"Hoy se cumple un a\u00f1o de la muerte de Efra\u00edn Ruales"},"content":{"rendered":"<p>#Ecuador |Su <strong>asesinato\u00a0<\/strong>conmocion\u00f3 al pa\u00eds exactamente hace un a\u00f1o.<\/p>\n<p>Era el 27 de enero del 2021 cuando los <strong>noticieros\u00a0<\/strong>de televisi\u00f3n <strong>matutinos <\/strong>confirmaban el\u00a0<strong>crimen\u00a0<\/strong>de\u00a0<strong>Ruales\u00a0<\/strong>desde el norte de la ciudad. Los primeros datos indicaban que se trat\u00f3 de un\u00a0<strong>sicariato<\/strong>.<\/p>\n<p>12 meses despu\u00e9s, la verdad a\u00fan no se conoce. De hecho, la\u00a0<strong>justicia\u00a0<\/strong>no ha logrado\u00a0<strong>determinar responsabilidades<\/strong>, ni se\u00f1alar\u00a0<strong>culpables<\/strong>.<\/p>\n<p>El caso de\u00a0<strong>Efra\u00edn Ruales<\/strong>\u00a0permanece en los\u00a0<strong>tribunales<\/strong>. Actualmente, hay siete personas\u00a0<strong>procesadas\u00a0<\/strong>por el\u00a0<strong>crimen del presentador<\/strong>. Los\u00a0<strong>sospechosos\u00a0<\/strong>est\u00e1n en etapa de\u00a0<strong>juicio<\/strong>, pero la\u00a0<strong>audiencia\u00a0<\/strong>se encuentra\u00a0<strong>suspendida\u00a0<\/strong>temporalmente.<\/p>\n<p><strong>Fiscal\u00eda\u00a0<\/strong>intenta sustentar las\u00a0<strong>hip\u00f3tesis\u00a0<\/strong>que tiene sobre el caso. Seg\u00fan las investigaciones, el crimen fue encargado desde una c\u00e1rcel de\u00a0<strong>Guayaquil\u00a0<\/strong>por una suma aproximada de USD 20 000.<\/p>\n<p>www.lodelmomentoloja.com<\/p>\n<p>#LDMnoticias #lodelmomentolojaLDM<\/p>\n","protected":false},"excerpt":{"rendered":"<p>#Ecuador |Su asesinato\u00a0conmocion\u00f3 al pa\u00eds exactamente hace un a\u00f1o. Era el 27 de enero del&#8230;<\/p>\n","protected":false},"author":1,"featured_media":7698,"comment_status":"open","ping_status":"open","sticky":false,"template":"","format":"standard","meta":{"footnotes":""},"categories":[7],"tags":[],"class_list":["post-7696","post","type-post","status-publish","format-standard","has-post-thumbnail","hentry","category-ecuador"],"_links":{"self":[{"href":"https:\/\/www.lodelmomentoloja.com\/index.php?rest_route=\/wp\/v2\/posts\/7696"}],"collection":[{"href":"https:\/\/www.lodelmomentoloja.com\/index.php?rest_route=\/wp\/v2\/posts"}],"about":[{"href":"https:\/\/www.lodelmomentoloja.com\/index.php?rest_route=\/wp\/v2\/types\/post"}],"author":[{"embeddable":true,"href":"https:\/\/www.lodelmomentoloja.com\/index.php?rest_route=\/wp\/v2\/users\/1"}],"replies":[{"embeddable":true,"href":"https:\/\/www.lodelmomentoloja.com\/index.php?rest_route=%2Fwp%2Fv2%2Fcomments&post=7696"}],"version-history":[{"count":1,"href":"https:\/\/www.lodelmomentoloja.com\/index.php?rest_route=\/wp\/v2\/posts\/7696\/revisions"}],"predecessor-version":[{"id":7699,"href":"https:\/\/www.lodelmomentoloja.com\/index.php?rest_route=\/wp\/v2\/posts\/7696\/revisions\/7699"}],"wp:featuredmedia":[{"embeddable":true,"href":"https:\/\/www.lodelmomentoloja.com\/index.php?rest_route=\/wp\/v2\/media\/7698"}],"wp:attachment":[{"href":"https:\/\/www.lodelmomentoloja.com\/index.php?rest_route=%2Fwp%2Fv2%2Fmedia&parent=7696"}],"wp:term":[{"taxonomy":"category","embeddable":true,"href":"https:\/\/www.lodelmomentoloja.com\/index.php?rest_route=%2Fwp%2Fv2%2Fcategories&post=7696"},{"taxonomy":"post_tag","embeddable":true,"href":"https:\/\/www.lodelmomentoloja.com\/index.php?rest_route=%2Fwp%2Fv2%2Ftags&post=7696"}],"curies":[{"name":"wp","href":"https:\/\/api.w.org\/{rel}","templated":true}]}}