{"id":767,"date":"2020-11-11T14:43:14","date_gmt":"2020-11-11T14:43:14","guid":{"rendered":"http:\/\/www.lodelmomentoloja.com\/?p=767"},"modified":"2020-11-11T14:43:15","modified_gmt":"2020-11-11T14:43:15","slug":"fernando-alvarado-es-incluido-en-la-lista-de-los-mas-buscados-por-el-ministerio-del-gobierno","status":"publish","type":"post","link":"https:\/\/www.lodelmomentoloja.com\/?p=767","title":{"rendered":"Fernando Alvarado es incluido en la lista de &#8220;los m\u00e1s buscados&#8221; por el Ministerio del Gobierno."},"content":{"rendered":"\n<p>Ministerio de Gobierno incluye a Fernando Alvarado como el m\u00e1s buscado a nivel nacional.<\/p>\n\n\n\n<p>El Ministerio de Gobierno public\u00f3 este 10 de noviembre de 2020 una foto de Fernando Alvarado, exsecretario de Comunicaci\u00f3n, en la lista de \u201clos m\u00e1s buscados por el presunto delito de peculado\u201d.<\/p>\n\n\n\n<p>Carlos Alvear, abogado del exfuncionario, se\u00f1al\u00f3 que su cliente no tiene ninguna una orden de captura por ning\u00fan otro proceso. La \u00fanica orden de prisi\u00f3n preventiva era por el caso SECOM, pero el Tribunal ratific\u00f3 su inocencia en primera instancia.<\/p>\n\n\n\n<p>Pese a que la Fiscal\u00eda a\u00fan no apela esta sentencia, el Ministerio de Gobierno public\u00f3 este martes una foto de Alvarado, en la que pide a la ciudadan\u00eda su ayuda para capturarlo. Seg\u00fan el Ministerio, \u201ces el primer m\u00e1s buscado a escala nacional\u201d por corrupci\u00f3n.<\/p>\n\n\n\n<p>El expresidente Rafael Correa tambi\u00e9n reaccion\u00f3 a esta publicaci\u00f3n y critic\u00f3 el accionar del Ministerio. Virgilio Hern\u00e1ndez, dirigente de la Revoluci\u00f3n Ciudadana y la Prefecta de Pichincha, Paola Pab\u00f3n, tambi\u00e9n expres\u00f3 su solidaridad con el exfuncionario.<\/p>\n","protected":false},"excerpt":{"rendered":"<p>Ministerio de Gobierno incluye a Fernando Alvarado como el m\u00e1s buscado a nivel nacional. El&#8230;<\/p>\n","protected":false},"author":1,"featured_media":768,"comment_status":"open","ping_status":"open","sticky":false,"template":"","format":"standard","meta":{"footnotes":""},"categories":[7,1],"tags":[],"class_list":["post-767","post","type-post","status-publish","format-standard","has-post-thumbnail","hentry","category-ecuador","category-inicio"],"_links":{"self":[{"href":"https:\/\/www.lodelmomentoloja.com\/index.php?rest_route=\/wp\/v2\/posts\/767"}],"collection":[{"href":"https:\/\/www.lodelmomentoloja.com\/index.php?rest_route=\/wp\/v2\/posts"}],"about":[{"href":"https:\/\/www.lodelmomentoloja.com\/index.php?rest_route=\/wp\/v2\/types\/post"}],"author":[{"embeddable":true,"href":"https:\/\/www.lodelmomentoloja.com\/index.php?rest_route=\/wp\/v2\/users\/1"}],"replies":[{"embeddable":true,"href":"https:\/\/www.lodelmomentoloja.com\/index.php?rest_route=%2Fwp%2Fv2%2Fcomments&post=767"}],"version-history":[{"count":1,"href":"https:\/\/www.lodelmomentoloja.com\/index.php?rest_route=\/wp\/v2\/posts\/767\/revisions"}],"predecessor-version":[{"id":769,"href":"https:\/\/www.lodelmomentoloja.com\/index.php?rest_route=\/wp\/v2\/posts\/767\/revisions\/769"}],"wp:featuredmedia":[{"embeddable":true,"href":"https:\/\/www.lodelmomentoloja.com\/index.php?rest_route=\/wp\/v2\/media\/768"}],"wp:attachment":[{"href":"https:\/\/www.lodelmomentoloja.com\/index.php?rest_route=%2Fwp%2Fv2%2Fmedia&parent=767"}],"wp:term":[{"taxonomy":"category","embeddable":true,"href":"https:\/\/www.lodelmomentoloja.com\/index.php?rest_route=%2Fwp%2Fv2%2Fcategories&post=767"},{"taxonomy":"post_tag","embeddable":true,"href":"https:\/\/www.lodelmomentoloja.com\/index.php?rest_route=%2Fwp%2Fv2%2Ftags&post=767"}],"curies":[{"name":"wp","href":"https:\/\/api.w.org\/{rel}","templated":true}]}}