{"id":7664,"date":"2022-01-25T11:04:20","date_gmt":"2022-01-25T11:04:20","guid":{"rendered":"https:\/\/www.lodelmomentoloja.com\/?p=7664"},"modified":"2022-01-25T16:05:30","modified_gmt":"2022-01-25T16:05:30","slug":"ff-aa-se-despliega-en-las-calles-de-guayaquil","status":"publish","type":"post","link":"https:\/\/www.lodelmomentoloja.com\/?p=7664","title":{"rendered":"FF.AA. se despliega en las calles de Guayaquil"},"content":{"rendered":"<p>#Ecuador | Lasso dispuso despliegue de miembros de FF.AA en Guayaquil.<\/p>\n<p>Frente a los altos \u00edndices de homicidios reportados durante las primeras semanas de 2022 en Guayaquil y los reclamos de ciudadanos que dicen sentirse en indefensi\u00f3n, el presidente de Ecuador, Guillermo Lasso, dispuso este domingo un mayor despliegue de miembros de las Fuerzas Armadas y de la Polic\u00eda Nacional para custodiar zonas de alta criminalidad de la ciudad.<\/p>\n<p>Lasso dijo que las mafias relacionadas con el narcotr\u00e1fico est\u00e1n siendo perseguidas y atacadas desde el Estado y que esto est\u00e1 provocando consecuencias como los ajustes de cuentas y muertes violentas que se registran en las calles de Guayaquil y de otras ciudades del pa\u00eds.<\/p>\n<p>&#8220;En lo que va de 2022, las tres primeras (semanas) de enero, hemos decomisado 15 toneladas de coca\u00edna, lo que equivale al triple de lo incautado en el mismo mes del a\u00f1o anterior. Se ha reducido el territorio de las mafias donde actuaban sin la presencia del Estado. Los ajustes de cuentas son el efecto de estas incautaciones que generan ingentes p\u00e9rdidas econ\u00f3micas a las mafias internacionales y provoca una competencia entre las distintas bandas de narcotraficantes,&#8221;, puntualiz\u00f3 Lasso durante una conferencia de prensa realizada en Guayaquil.<\/p>\n<p>En lo que va de 2022 se han registrado m\u00e1s de 70 homicidios intencionales solo en la ciudad de Guayaquil, seg\u00fan el Ministerio de Gobierno. En enero de 2021 se registraron 29.<\/p>\n<p>Fuente: CNN en Espa\u00f1ol<\/p>\n<p>www.lodelmomentoloja.com<br \/>\n#LDMnoticias #lodelmomentolojaLDM<\/p>\n","protected":false},"excerpt":{"rendered":"<p>#Ecuador | Lasso dispuso despliegue de miembros de FF.AA en Guayaquil. Frente a los altos&#8230;<\/p>\n","protected":false},"author":1,"featured_media":7665,"comment_status":"open","ping_status":"open","sticky":false,"template":"","format":"standard","meta":{"footnotes":""},"categories":[7],"tags":[],"class_list":["post-7664","post","type-post","status-publish","format-standard","has-post-thumbnail","hentry","category-ecuador"],"_links":{"self":[{"href":"https:\/\/www.lodelmomentoloja.com\/index.php?rest_route=\/wp\/v2\/posts\/7664"}],"collection":[{"href":"https:\/\/www.lodelmomentoloja.com\/index.php?rest_route=\/wp\/v2\/posts"}],"about":[{"href":"https:\/\/www.lodelmomentoloja.com\/index.php?rest_route=\/wp\/v2\/types\/post"}],"author":[{"embeddable":true,"href":"https:\/\/www.lodelmomentoloja.com\/index.php?rest_route=\/wp\/v2\/users\/1"}],"replies":[{"embeddable":true,"href":"https:\/\/www.lodelmomentoloja.com\/index.php?rest_route=%2Fwp%2Fv2%2Fcomments&post=7664"}],"version-history":[{"count":1,"href":"https:\/\/www.lodelmomentoloja.com\/index.php?rest_route=\/wp\/v2\/posts\/7664\/revisions"}],"predecessor-version":[{"id":7666,"href":"https:\/\/www.lodelmomentoloja.com\/index.php?rest_route=\/wp\/v2\/posts\/7664\/revisions\/7666"}],"wp:featuredmedia":[{"embeddable":true,"href":"https:\/\/www.lodelmomentoloja.com\/index.php?rest_route=\/wp\/v2\/media\/7665"}],"wp:attachment":[{"href":"https:\/\/www.lodelmomentoloja.com\/index.php?rest_route=%2Fwp%2Fv2%2Fmedia&parent=7664"}],"wp:term":[{"taxonomy":"category","embeddable":true,"href":"https:\/\/www.lodelmomentoloja.com\/index.php?rest_route=%2Fwp%2Fv2%2Fcategories&post=7664"},{"taxonomy":"post_tag","embeddable":true,"href":"https:\/\/www.lodelmomentoloja.com\/index.php?rest_route=%2Fwp%2Fv2%2Ftags&post=7664"}],"curies":[{"name":"wp","href":"https:\/\/api.w.org\/{rel}","templated":true}]}}