{"id":7646,"date":"2022-01-24T14:15:05","date_gmt":"2022-01-24T14:15:05","guid":{"rendered":"https:\/\/www.lodelmomentoloja.com\/?p=7646"},"modified":"2022-01-24T19:17:57","modified_gmt":"2022-01-24T19:17:57","slug":"activista-ecuatoriana-gana-premio-palme-de-derechos-humanos","status":"publish","type":"post","link":"https:\/\/www.lodelmomentoloja.com\/?p=7646","title":{"rendered":"Activista ecuatoriana gana premio Palme de derechos humanos"},"content":{"rendered":"<p>#Internacional |La ecuatoriana Patricia Gualinga, l\u00edder del pueblo Kichwa de Sarayaku, ha sido distinguida este lunes con el premio Olof Palme de derechos humanos por su \u201cvaliente liderazgo\u201d en la lucha por mejorar las condiciones de vida ind\u00edgenas.<\/p>\n<p class=\"prose-text\">La Fundaci\u00f3n para la Memoria de Olof Palme ha destacado tambi\u00e9n su compromiso con los derechos de la naturaleza y por la supervivencia del Amazonas.<\/p>\n<p class=\"prose-text\">&#8220;En un tiempo en que la diversidad biol\u00f3gica est\u00e1 amenazada y el cambio clim\u00e1tico requiere grandes transformaciones, los pueblos ind\u00edgenas son especialmente vulnerables. A trav\u00e9s de su relaci\u00f3n con la naturaleza, Gualinga muestra el camino a una sociedad sostenible y a vivir con la naturaleza, no contra ella&#8221;, consta en el fallo.<\/p>\n<p class=\"prose-text\">La fundaci\u00f3n sueca resalta que la voz de Gualinga tiene un valor &#8220;incalculable&#8221; en la &#8220;catastr\u00f3fica&#8221; situaci\u00f3n ecol\u00f3gica en la que se encuentra el mundo.<\/p>\n<p>www.lodelmomentoloja.com<\/p>\n<p>#LDMnoticias #lodelmomentolojaLDM<\/p>\n","protected":false},"excerpt":{"rendered":"<p>#Internacional |La ecuatoriana Patricia Gualinga, l\u00edder del pueblo Kichwa de Sarayaku, ha sido distinguida este&#8230;<\/p>\n","protected":false},"author":1,"featured_media":7647,"comment_status":"open","ping_status":"open","sticky":false,"template":"","format":"standard","meta":{"footnotes":""},"categories":[4],"tags":[],"class_list":["post-7646","post","type-post","status-publish","format-standard","has-post-thumbnail","hentry","category-internacional"],"_links":{"self":[{"href":"https:\/\/www.lodelmomentoloja.com\/index.php?rest_route=\/wp\/v2\/posts\/7646"}],"collection":[{"href":"https:\/\/www.lodelmomentoloja.com\/index.php?rest_route=\/wp\/v2\/posts"}],"about":[{"href":"https:\/\/www.lodelmomentoloja.com\/index.php?rest_route=\/wp\/v2\/types\/post"}],"author":[{"embeddable":true,"href":"https:\/\/www.lodelmomentoloja.com\/index.php?rest_route=\/wp\/v2\/users\/1"}],"replies":[{"embeddable":true,"href":"https:\/\/www.lodelmomentoloja.com\/index.php?rest_route=%2Fwp%2Fv2%2Fcomments&post=7646"}],"version-history":[{"count":1,"href":"https:\/\/www.lodelmomentoloja.com\/index.php?rest_route=\/wp\/v2\/posts\/7646\/revisions"}],"predecessor-version":[{"id":7648,"href":"https:\/\/www.lodelmomentoloja.com\/index.php?rest_route=\/wp\/v2\/posts\/7646\/revisions\/7648"}],"wp:featuredmedia":[{"embeddable":true,"href":"https:\/\/www.lodelmomentoloja.com\/index.php?rest_route=\/wp\/v2\/media\/7647"}],"wp:attachment":[{"href":"https:\/\/www.lodelmomentoloja.com\/index.php?rest_route=%2Fwp%2Fv2%2Fmedia&parent=7646"}],"wp:term":[{"taxonomy":"category","embeddable":true,"href":"https:\/\/www.lodelmomentoloja.com\/index.php?rest_route=%2Fwp%2Fv2%2Fcategories&post=7646"},{"taxonomy":"post_tag","embeddable":true,"href":"https:\/\/www.lodelmomentoloja.com\/index.php?rest_route=%2Fwp%2Fv2%2Ftags&post=7646"}],"curies":[{"name":"wp","href":"https:\/\/api.w.org\/{rel}","templated":true}]}}