{"id":7542,"date":"2022-01-19T11:17:44","date_gmt":"2022-01-19T11:17:44","guid":{"rendered":"https:\/\/www.lodelmomentoloja.com\/?p=7542"},"modified":"2022-01-19T16:21:54","modified_gmt":"2022-01-19T16:21:54","slug":"policia-abatido-en-enfrentamiento-en-gye","status":"publish","type":"post","link":"https:\/\/www.lodelmomentoloja.com\/?p=7542","title":{"rendered":"Polic\u00eda abatido en enfrentamiento en GYE"},"content":{"rendered":"<p>El\u00a0<strong>sargento\u00a0<\/strong>de Polic\u00eda\u00a0<strong>Freddy Laaz<\/strong>\u00a0fue\u00a0<strong>asesinado\u00a0<\/strong>la noche del 18 de enero del 2022, luego de un\u00a0<strong>enfrentamiento\u00a0<\/strong>armado entre el uniformado y dos sospechosos que\u00a0<strong>asaltaban\u00a0<\/strong>un\u00a0<strong>local\u00a0<\/strong>comercial del sector\u00a0<strong>Samanes<\/strong>, en\u00a0<strong>Guayaquil<\/strong>.<\/p>\n<div id=\"google_ads_iframe_\/106021898,22645211547\/elcomercio_article_0__container__\"><\/div>\n<p>Seg\u00fan inform\u00f3 la Polic\u00eda, el agente trat\u00f3 de evitar el robo, pero perdi\u00f3 la vida al ser herido de\u00a0<strong>gravedad<\/strong>.<\/p>\n<p>De acuerdo con un reporte de El Diario (Manab\u00ed), uno de los\u00a0<strong>sospechosos\u00a0<\/strong>intent\u00f3\u00a0<strong>robar\u00a0<\/strong>en un\u00a0<strong>local\u00a0<\/strong>de comida \u00e1rabe, en donde tambi\u00e9n estaba el\u00a0<strong>polic\u00eda<\/strong>.<\/p>\n<p>Al notar el ataque de los\u00a0<strong>armados<\/strong>, el polic\u00eda enfrent\u00f3 a uno de los\u00a0<strong>sospechosos\u00a0<\/strong>y hubo un\u00a0<strong>cruce\u00a0<\/strong>de\u00a0<strong>balas<\/strong>. El agresor fue abatido y el uniformado qued\u00f3 herido.<\/p>\n<p>El polic\u00eda Laaz fue llevado de urgencia a un hospital, pero falleci\u00f3 por la\u00a0<strong>gravedad\u00a0<\/strong>de las\u00a0<strong>heridas\u00a0<\/strong>causadas por el impacto de las balas.<\/p>\n<p>La Instituci\u00f3n policial emiti\u00f3 un comunicado en donde dijo que la Polic\u00eda Nacional est\u00e1 de luto. La entidad rechaz\u00f3 la\u00a0<strong>delincuencia\u00a0<\/strong>y dijo que la combatir\u00e1 con fuerza \u201cpara mantener la seguridad de los ciudadanos\u201d.<\/p>\n<p>&nbsp;<\/p>\n<p>Fuente: El Comercio<\/p>\n<p>#LDMnoticias #lodelmomentolojaLDM<\/p>\n","protected":false},"excerpt":{"rendered":"<p>El\u00a0sargento\u00a0de Polic\u00eda\u00a0Freddy Laaz\u00a0fue\u00a0asesinado\u00a0la noche del 18 de enero del 2022, luego de un\u00a0enfrentamiento\u00a0armado entre el&#8230;<\/p>\n","protected":false},"author":1,"featured_media":7543,"comment_status":"open","ping_status":"open","sticky":false,"template":"","format":"standard","meta":{"footnotes":""},"categories":[7],"tags":[],"class_list":["post-7542","post","type-post","status-publish","format-standard","has-post-thumbnail","hentry","category-ecuador"],"_links":{"self":[{"href":"https:\/\/www.lodelmomentoloja.com\/index.php?rest_route=\/wp\/v2\/posts\/7542"}],"collection":[{"href":"https:\/\/www.lodelmomentoloja.com\/index.php?rest_route=\/wp\/v2\/posts"}],"about":[{"href":"https:\/\/www.lodelmomentoloja.com\/index.php?rest_route=\/wp\/v2\/types\/post"}],"author":[{"embeddable":true,"href":"https:\/\/www.lodelmomentoloja.com\/index.php?rest_route=\/wp\/v2\/users\/1"}],"replies":[{"embeddable":true,"href":"https:\/\/www.lodelmomentoloja.com\/index.php?rest_route=%2Fwp%2Fv2%2Fcomments&post=7542"}],"version-history":[{"count":1,"href":"https:\/\/www.lodelmomentoloja.com\/index.php?rest_route=\/wp\/v2\/posts\/7542\/revisions"}],"predecessor-version":[{"id":7544,"href":"https:\/\/www.lodelmomentoloja.com\/index.php?rest_route=\/wp\/v2\/posts\/7542\/revisions\/7544"}],"wp:featuredmedia":[{"embeddable":true,"href":"https:\/\/www.lodelmomentoloja.com\/index.php?rest_route=\/wp\/v2\/media\/7543"}],"wp:attachment":[{"href":"https:\/\/www.lodelmomentoloja.com\/index.php?rest_route=%2Fwp%2Fv2%2Fmedia&parent=7542"}],"wp:term":[{"taxonomy":"category","embeddable":true,"href":"https:\/\/www.lodelmomentoloja.com\/index.php?rest_route=%2Fwp%2Fv2%2Fcategories&post=7542"},{"taxonomy":"post_tag","embeddable":true,"href":"https:\/\/www.lodelmomentoloja.com\/index.php?rest_route=%2Fwp%2Fv2%2Ftags&post=7542"}],"curies":[{"name":"wp","href":"https:\/\/api.w.org\/{rel}","templated":true}]}}