{"id":754,"date":"2020-11-10T18:02:45","date_gmt":"2020-11-10T18:02:45","guid":{"rendered":"http:\/\/www.lodelmomentoloja.com\/?p=754"},"modified":"2020-11-10T18:02:47","modified_gmt":"2020-11-10T18:02:47","slug":"nuevo-presidente-de-peru","status":"publish","type":"post","link":"https:\/\/www.lodelmomentoloja.com\/?p=754","title":{"rendered":"Nuevo presidente de Per\u00fa"},"content":{"rendered":"\n<p>Manuel Merino ser\u00e1 el nuevo presidente de Per\u00fa.A ocho meses de haberlo elegido como presidente del Congreso de Per\u00fa, \u00e9l ser\u00e1 el nuevo presidente que reemplace a Mart\u00edn Vizcarra, quien fue destituido por el Congreso Nacional por incapacidad moral.<\/p>\n\n\n\n<p>Merino, integra la bancada del partido centro derecha Acci\u00f3n Popular (AP), conducir\u00e1 el destino de Per\u00fa durante ocho meses, en los que deber\u00e1 asegurar que se realicen las elecciones generales ya convocados para abril pr\u00f3ximo y el cambio de mando presidencial del 28 de julio de 2021, el mismo d\u00eda en que su pa\u00eds celebrar\u00e1 200 a\u00f1os de independencia.<\/p>\n\n\n\n<p>Manuel Merino es un empresario con estudios inconclusos de Agronom\u00eda, que naci\u00f3 hace 59 a\u00f1os en la regi\u00f3n norte\u00f1a de Tumbes, fronteriza con Ecuador. En paralelo a tareas privadas vinculadas con el sector agr\u00edcola en su regi\u00f3n, desde 1979 se vincul\u00f3 con el partido centrista Acci\u00f3n Popular (AP) y en el 2000 presidi\u00f3 el Frente de Unidad Nacional, integrado por varios partidos y movimientos pol\u00edticos.<\/p>\n","protected":false},"excerpt":{"rendered":"<p>Manuel Merino ser\u00e1 el nuevo presidente de Per\u00fa.A ocho meses de haberlo elegido como presidente&#8230;<\/p>\n","protected":false},"author":1,"featured_media":755,"comment_status":"open","ping_status":"open","sticky":false,"template":"","format":"standard","meta":{"footnotes":""},"categories":[1,4],"tags":[],"class_list":["post-754","post","type-post","status-publish","format-standard","has-post-thumbnail","hentry","category-inicio","category-internacional"],"_links":{"self":[{"href":"https:\/\/www.lodelmomentoloja.com\/index.php?rest_route=\/wp\/v2\/posts\/754"}],"collection":[{"href":"https:\/\/www.lodelmomentoloja.com\/index.php?rest_route=\/wp\/v2\/posts"}],"about":[{"href":"https:\/\/www.lodelmomentoloja.com\/index.php?rest_route=\/wp\/v2\/types\/post"}],"author":[{"embeddable":true,"href":"https:\/\/www.lodelmomentoloja.com\/index.php?rest_route=\/wp\/v2\/users\/1"}],"replies":[{"embeddable":true,"href":"https:\/\/www.lodelmomentoloja.com\/index.php?rest_route=%2Fwp%2Fv2%2Fcomments&post=754"}],"version-history":[{"count":1,"href":"https:\/\/www.lodelmomentoloja.com\/index.php?rest_route=\/wp\/v2\/posts\/754\/revisions"}],"predecessor-version":[{"id":756,"href":"https:\/\/www.lodelmomentoloja.com\/index.php?rest_route=\/wp\/v2\/posts\/754\/revisions\/756"}],"wp:featuredmedia":[{"embeddable":true,"href":"https:\/\/www.lodelmomentoloja.com\/index.php?rest_route=\/wp\/v2\/media\/755"}],"wp:attachment":[{"href":"https:\/\/www.lodelmomentoloja.com\/index.php?rest_route=%2Fwp%2Fv2%2Fmedia&parent=754"}],"wp:term":[{"taxonomy":"category","embeddable":true,"href":"https:\/\/www.lodelmomentoloja.com\/index.php?rest_route=%2Fwp%2Fv2%2Fcategories&post=754"},{"taxonomy":"post_tag","embeddable":true,"href":"https:\/\/www.lodelmomentoloja.com\/index.php?rest_route=%2Fwp%2Fv2%2Ftags&post=754"}],"curies":[{"name":"wp","href":"https:\/\/api.w.org\/{rel}","templated":true}]}}