{"id":747,"date":"2020-11-10T12:42:19","date_gmt":"2020-11-10T12:42:19","guid":{"rendered":"http:\/\/www.lodelmomentoloja.com\/?p=747"},"modified":"2020-11-10T12:50:07","modified_gmt":"2020-11-10T12:50:07","slug":"vicepresidenta-visito-al-papa-junto-a-su-familia","status":"publish","type":"post","link":"https:\/\/www.lodelmomentoloja.com\/?p=747","title":{"rendered":"Vicepresidenta visit\u00f3 al Papa junto a su familia."},"content":{"rendered":"\n<p>Este lunes 9 de noviembre, el Santo Padre Francisco ha recibido en audiencia en el Palacio Apost\u00f3lico Vaticano a la vicepresidenta del Ecuador, Mar\u00eda Alejandra Mu\u00f1oz.<br><br>El Papa Francisco mantuvo una amplia conversaci\u00f3n con la Vicepresidenta de la Rep\u00fablica donde trataron varios temas, entre esos la situaci\u00f3n de quienes se han visto afectados por el COVID-19 en sus condiciones de vida. La Vicepresidenta trat\u00f3 los temas de lucha contra el hambre, ni\u00f1ez en situaci\u00f3n de desnutrici\u00f3n cr\u00f3nica infantil, enfermedades catastr\u00f3ficas, as\u00ed como, en situaci\u00f3n de movilidad humana y la necesidad de seguir poniendo la voz a quienes no tienen voz, para poder construir sociedades \u00e9ticas y justas.<br><br>Dentro de este contexto, el Gobierno ecuatoriano a trav\u00e9s de la Vicepresidenta, le realiz\u00f3 una invitaci\u00f3n para el siguiente a\u00f1o, si las condiciones lo permiten, a visitar la Amazon\u00eda, especialmente aquellos cantones m\u00e1s afectados por la desnutrici\u00f3n cr\u00f3nica infantil, a efectos de \u201cgenerar en la conciencia social ecuatoriana un robusto compromiso por luchar contra esta epidemia invisible que condena al ser humano desde ni\u00f1o a la pobreza.\u201d El Papa Francisco agradeci\u00f3 la invitaci\u00f3n, ratific\u00f3 su compromiso con la Amazon\u00eda y anunci\u00f3 que la invitaci\u00f3n entra en consideraci\u00f3n.<br><br>El Papa Francisco envi\u00f3 una especial bendici\u00f3n a los ecuatorianos y un abrazo caluroso con un mensaje de paz que se resume en no dejar a nadie a un costado de la vida, poniendo al ser humano en el centro de la vida social, pol\u00edtica y econ\u00f3mica; pasar del ego\u00edsmo y la confusi\u00f3n, a la solidaridad y la claridad, sembrando siempre paz y desterrando el odio.<\/p>\n","protected":false},"excerpt":{"rendered":"<p>Este lunes 9 de noviembre, el Santo Padre Francisco ha recibido en audiencia en el&#8230;<\/p>\n","protected":false},"author":1,"featured_media":748,"comment_status":"open","ping_status":"open","sticky":false,"template":"","format":"standard","meta":{"footnotes":""},"categories":[7,1],"tags":[],"class_list":["post-747","post","type-post","status-publish","format-standard","has-post-thumbnail","hentry","category-ecuador","category-inicio"],"_links":{"self":[{"href":"https:\/\/www.lodelmomentoloja.com\/index.php?rest_route=\/wp\/v2\/posts\/747"}],"collection":[{"href":"https:\/\/www.lodelmomentoloja.com\/index.php?rest_route=\/wp\/v2\/posts"}],"about":[{"href":"https:\/\/www.lodelmomentoloja.com\/index.php?rest_route=\/wp\/v2\/types\/post"}],"author":[{"embeddable":true,"href":"https:\/\/www.lodelmomentoloja.com\/index.php?rest_route=\/wp\/v2\/users\/1"}],"replies":[{"embeddable":true,"href":"https:\/\/www.lodelmomentoloja.com\/index.php?rest_route=%2Fwp%2Fv2%2Fcomments&post=747"}],"version-history":[{"count":2,"href":"https:\/\/www.lodelmomentoloja.com\/index.php?rest_route=\/wp\/v2\/posts\/747\/revisions"}],"predecessor-version":[{"id":750,"href":"https:\/\/www.lodelmomentoloja.com\/index.php?rest_route=\/wp\/v2\/posts\/747\/revisions\/750"}],"wp:featuredmedia":[{"embeddable":true,"href":"https:\/\/www.lodelmomentoloja.com\/index.php?rest_route=\/wp\/v2\/media\/748"}],"wp:attachment":[{"href":"https:\/\/www.lodelmomentoloja.com\/index.php?rest_route=%2Fwp%2Fv2%2Fmedia&parent=747"}],"wp:term":[{"taxonomy":"category","embeddable":true,"href":"https:\/\/www.lodelmomentoloja.com\/index.php?rest_route=%2Fwp%2Fv2%2Fcategories&post=747"},{"taxonomy":"post_tag","embeddable":true,"href":"https:\/\/www.lodelmomentoloja.com\/index.php?rest_route=%2Fwp%2Fv2%2Ftags&post=747"}],"curies":[{"name":"wp","href":"https:\/\/api.w.org\/{rel}","templated":true}]}}