{"id":7459,"date":"2022-01-12T16:47:29","date_gmt":"2022-01-12T16:47:29","guid":{"rendered":"https:\/\/www.lodelmomentoloja.com\/?p=7459"},"modified":"2022-01-12T21:48:30","modified_gmt":"2022-01-12T21:48:30","slug":"prefecto-de-loja-positivo-para-covid-19","status":"publish","type":"post","link":"https:\/\/www.lodelmomentoloja.com\/?p=7459","title":{"rendered":"Prefecto de Loja, positivo para COVID-19"},"content":{"rendered":"<p>#Loja | Prefecto de la provincia de Loja da positivo para COVID-19.<\/p>\n<p>Mediante un comunicado oficial por parte de la Prefectura de Loja, se dio a conocer que el Ing. Rafael D\u00e1vila dar\u00eda positivo para Covid-19 y a su vez presenta s\u00edntomas leves.<\/p>\n<p>&#8220;Cumpliendo con todas las disposiciones establecidas recibi\u00f3 el esquema completo de vacunaci\u00f3n y la d\u00f3sis de refuerzo. Al momento, se encuentra en aislamiento domiciliario, con seguimiento y permiso m\u00e9dico&#8221; &#8211; se a\u00f1adi\u00f3 al comunicado.<\/p>\n<p>www.lodelmomentoloja.com<br \/>\n#LDMnoticias #lodelmomentolojaLDM<\/p>\n","protected":false},"excerpt":{"rendered":"<p>#Loja | Prefecto de la provincia de Loja da positivo para COVID-19. Mediante un comunicado&#8230;<\/p>\n","protected":false},"author":1,"featured_media":7460,"comment_status":"open","ping_status":"open","sticky":false,"template":"","format":"standard","meta":{"footnotes":""},"categories":[5],"tags":[],"class_list":["post-7459","post","type-post","status-publish","format-standard","has-post-thumbnail","hentry","category-loja"],"_links":{"self":[{"href":"https:\/\/www.lodelmomentoloja.com\/index.php?rest_route=\/wp\/v2\/posts\/7459"}],"collection":[{"href":"https:\/\/www.lodelmomentoloja.com\/index.php?rest_route=\/wp\/v2\/posts"}],"about":[{"href":"https:\/\/www.lodelmomentoloja.com\/index.php?rest_route=\/wp\/v2\/types\/post"}],"author":[{"embeddable":true,"href":"https:\/\/www.lodelmomentoloja.com\/index.php?rest_route=\/wp\/v2\/users\/1"}],"replies":[{"embeddable":true,"href":"https:\/\/www.lodelmomentoloja.com\/index.php?rest_route=%2Fwp%2Fv2%2Fcomments&post=7459"}],"version-history":[{"count":1,"href":"https:\/\/www.lodelmomentoloja.com\/index.php?rest_route=\/wp\/v2\/posts\/7459\/revisions"}],"predecessor-version":[{"id":7461,"href":"https:\/\/www.lodelmomentoloja.com\/index.php?rest_route=\/wp\/v2\/posts\/7459\/revisions\/7461"}],"wp:featuredmedia":[{"embeddable":true,"href":"https:\/\/www.lodelmomentoloja.com\/index.php?rest_route=\/wp\/v2\/media\/7460"}],"wp:attachment":[{"href":"https:\/\/www.lodelmomentoloja.com\/index.php?rest_route=%2Fwp%2Fv2%2Fmedia&parent=7459"}],"wp:term":[{"taxonomy":"category","embeddable":true,"href":"https:\/\/www.lodelmomentoloja.com\/index.php?rest_route=%2Fwp%2Fv2%2Fcategories&post=7459"},{"taxonomy":"post_tag","embeddable":true,"href":"https:\/\/www.lodelmomentoloja.com\/index.php?rest_route=%2Fwp%2Fv2%2Ftags&post=7459"}],"curies":[{"name":"wp","href":"https:\/\/api.w.org\/{rel}","templated":true}]}}