{"id":7415,"date":"2022-01-10T11:14:43","date_gmt":"2022-01-10T11:14:43","guid":{"rendered":"https:\/\/www.lodelmomentoloja.com\/?p=7415"},"modified":"2022-01-10T16:17:31","modified_gmt":"2022-01-10T16:17:31","slug":"murio-por-eutanasia-en-colombia","status":"publish","type":"post","link":"https:\/\/www.lodelmomentoloja.com\/?p=7415","title":{"rendered":"Muri\u00f3 por Eutanasia en Colombia"},"content":{"rendered":"<p>#Internacional | Muri\u00f3 por eutanasia.<\/p>\n<p>En la ma\u00f1ana del s\u00e1bado 8 de enero del 2022, <strong>Martha Sep\u00falveda\u00a0<\/strong>muri\u00f3 por medio de eutanasia, tal como fue su deseo.<\/p>\n<p>La mujer de 51 a\u00f1os de edad, habitante del municipio de Bello, muri\u00f3 de manera asistida en la sede la\u00a0<strong>IPS Incodol\u00a0<\/strong>en Medell\u00edn, en compa\u00f1\u00eda de su hijo y una sobrina.<\/p>\n<p>Cabe recordar que\u00a0<strong>Sep\u00falveda<\/strong>\u00a0tuvo una lucha jur\u00eddica para someterse a una eutanasia voluntaria y que debi\u00f3 haberse hecho el 10 de octubre del 2021.<\/p>\n<p>Tras la orden de u<strong>n juez\u00a0<\/strong>de permitirle que siguiera con su cometido, la mujer hizo una carta con fecha del 28 de octubre en la que expon\u00eda que segu\u00eda con su\u00a0<strong>deseo de morir<\/strong>\u00a0con asistencia m\u00e9dica tras padecer\u00a0<strong>esclerosis lateral amiotr\u00f3fica<\/strong>, pese a que no era una enfermedad terminal.<\/p>\n<p>\u201cLe agradezco al se\u00f1or juez por haber administrado justicia en forma diligente y por haber protegido mis derechos fundamentales vulnerados por la IPS Incodol.\u00a0La reafirmaci\u00f3n de mis\u00a0<strong>derechos<\/strong>\u00a0en este momento tan complejo de mi vida me llena de alegr\u00eda y reafirma mi confianza en la justicia y los funcionarios que la hacen real y viva de cara a los ciudadanos\u201d, expres\u00f3 Sep\u00falveda en dicha carta.<\/p>\n<p>V\u00eda: El Comercio<\/p>\n<p>&nbsp;<\/p>\n<p>www.lodelmomentoloja.com<\/p>\n<p>#LDMnoticias #lodelmomentolojaLDM<\/p>\n<p>&nbsp;<\/p>\n","protected":false},"excerpt":{"rendered":"<p>#Internacional | Muri\u00f3 por eutanasia. En la ma\u00f1ana del s\u00e1bado 8 de enero del 2022,&#8230;<\/p>\n","protected":false},"author":1,"featured_media":7416,"comment_status":"open","ping_status":"open","sticky":false,"template":"","format":"standard","meta":{"footnotes":""},"categories":[4],"tags":[],"class_list":["post-7415","post","type-post","status-publish","format-standard","has-post-thumbnail","hentry","category-internacional"],"_links":{"self":[{"href":"https:\/\/www.lodelmomentoloja.com\/index.php?rest_route=\/wp\/v2\/posts\/7415"}],"collection":[{"href":"https:\/\/www.lodelmomentoloja.com\/index.php?rest_route=\/wp\/v2\/posts"}],"about":[{"href":"https:\/\/www.lodelmomentoloja.com\/index.php?rest_route=\/wp\/v2\/types\/post"}],"author":[{"embeddable":true,"href":"https:\/\/www.lodelmomentoloja.com\/index.php?rest_route=\/wp\/v2\/users\/1"}],"replies":[{"embeddable":true,"href":"https:\/\/www.lodelmomentoloja.com\/index.php?rest_route=%2Fwp%2Fv2%2Fcomments&post=7415"}],"version-history":[{"count":1,"href":"https:\/\/www.lodelmomentoloja.com\/index.php?rest_route=\/wp\/v2\/posts\/7415\/revisions"}],"predecessor-version":[{"id":7417,"href":"https:\/\/www.lodelmomentoloja.com\/index.php?rest_route=\/wp\/v2\/posts\/7415\/revisions\/7417"}],"wp:featuredmedia":[{"embeddable":true,"href":"https:\/\/www.lodelmomentoloja.com\/index.php?rest_route=\/wp\/v2\/media\/7416"}],"wp:attachment":[{"href":"https:\/\/www.lodelmomentoloja.com\/index.php?rest_route=%2Fwp%2Fv2%2Fmedia&parent=7415"}],"wp:term":[{"taxonomy":"category","embeddable":true,"href":"https:\/\/www.lodelmomentoloja.com\/index.php?rest_route=%2Fwp%2Fv2%2Fcategories&post=7415"},{"taxonomy":"post_tag","embeddable":true,"href":"https:\/\/www.lodelmomentoloja.com\/index.php?rest_route=%2Fwp%2Fv2%2Ftags&post=7415"}],"curies":[{"name":"wp","href":"https:\/\/api.w.org\/{rel}","templated":true}]}}