{"id":7389,"date":"2022-01-07T13:00:36","date_gmt":"2022-01-07T13:00:36","guid":{"rendered":"https:\/\/www.lodelmomentoloja.com\/?p=7389"},"modified":"2022-01-07T18:10:31","modified_gmt":"2022-01-07T18:10:31","slug":"guayaquil-pasa-a-alerta-3-por-covid-19","status":"publish","type":"post","link":"https:\/\/www.lodelmomentoloja.com\/?p=7389","title":{"rendered":"Guayaquil pasa a alerta 3 por COVID-19"},"content":{"rendered":"<p>Mediante un comunicado, la alcaldesa de Guayaquil, Cynthia Viteri, declar\u00f3 a la ciudad en Altera 3 por el gran aumento de contagios por la COVID-19, indicando n\u00fameros que preocupan a todo un pa\u00eds.<\/p>\n<p>&#8211; 562 contagios diarios.<br \/>\n&#8211; 5 muertes por d\u00eda.<br \/>\n&#8211; 111 pacientes en UCI.<br \/>\n&#8211; Escasez de pruebas ant\u00edgenos en el mercado.<\/p>\n<p>Cabe recordar, que el pasado 27 de diciembre 2021, el COE Nacional hab\u00eda resuelto que Guayaquil pase en Altera 2, de igual forma por el aumento de ocupaci\u00f3n en camas UCI.<\/p>\n<p>&nbsp;<\/p>\n<p>&nbsp;<\/p>\n<p><strong>LAS MEDIDAS DEL COE GUAYAQUIL.<\/strong><\/p>\n<p>Dentro de las medidas optadas por Viteri y el COE Guayaquil, mismas que entrar\u00e1n en vigencia a partir del 16 de Enero del 2022, se encuentran:<\/p>\n<ul>\n<li>Establecer aforo m\u00e1ximo en mercados, supermercados, centros comerciales en un 50% (el resto de establecimientos de atenci\u00f3n al p\u00fablico abiertos o cerrados a un 30%), con un horario de operaci\u00f3n hasta las 00h00.<\/li>\n<li>Prohibici\u00f3n de venta y consumo de bebidas alcoh\u00f3licas y de moderaci\u00f3n en la v\u00eda p\u00fablica.<\/li>\n<li>No autorizaci\u00f3n de espect\u00e1culos p\u00fablicos masivos.<\/li>\n<li>Limitaci\u00f3n al acceso a playas y balnearios hasta l 21 de Enero del 2022.<\/li>\n<li>Evaluar la pertinencia de un estado de excepci\u00f3n, con finalidad de limitar la movilidad y poder limitar la velocidad de contagio de la cepa OMICRON.<\/li>\n<\/ul>\n<p>&nbsp;<\/p>\n<p><img loading=\"lazy\" decoding=\"async\" class=\"alignnone wp-image-7390 \" src=\"http:\/\/www.lodelmomentoloja.com\/wp-content\/uploads\/2022\/01\/1-732x1024.jpg\" alt=\"\" width=\"453\" height=\"633\" srcset=\"https:\/\/www.lodelmomentoloja.com\/wp-content\/uploads\/2022\/01\/1-732x1024.jpg 732w, https:\/\/www.lodelmomentoloja.com\/wp-content\/uploads\/2022\/01\/1-214x300.jpg 214w, https:\/\/www.lodelmomentoloja.com\/wp-content\/uploads\/2022\/01\/1-768x1075.jpg 768w, https:\/\/www.lodelmomentoloja.com\/wp-content\/uploads\/2022\/01\/1-640x895.jpg 640w, https:\/\/www.lodelmomentoloja.com\/wp-content\/uploads\/2022\/01\/1-1098x1536.jpg 1098w, https:\/\/www.lodelmomentoloja.com\/wp-content\/uploads\/2022\/01\/1-1024x1433.jpg 1024w, https:\/\/www.lodelmomentoloja.com\/wp-content\/uploads\/2022\/01\/1.jpg 1125w\" sizes=\"(max-width: 453px) 100vw, 453px\" \/>\u00a0 \u00a0 \u00a0<img loading=\"lazy\" decoding=\"async\" class=\"alignnone wp-image-7393 \" src=\"http:\/\/www.lodelmomentoloja.com\/wp-content\/uploads\/2022\/01\/2-732x1024.jpg\" alt=\"\" width=\"455\" height=\"636\" srcset=\"https:\/\/www.lodelmomentoloja.com\/wp-content\/uploads\/2022\/01\/2-732x1024.jpg 732w, https:\/\/www.lodelmomentoloja.com\/wp-content\/uploads\/2022\/01\/2-214x300.jpg 214w, https:\/\/www.lodelmomentoloja.com\/wp-content\/uploads\/2022\/01\/2-768x1075.jpg 768w, https:\/\/www.lodelmomentoloja.com\/wp-content\/uploads\/2022\/01\/2-640x895.jpg 640w, https:\/\/www.lodelmomentoloja.com\/wp-content\/uploads\/2022\/01\/2-1098x1536.jpg 1098w, https:\/\/www.lodelmomentoloja.com\/wp-content\/uploads\/2022\/01\/2-1024x1433.jpg 1024w, https:\/\/www.lodelmomentoloja.com\/wp-content\/uploads\/2022\/01\/2.jpg 1125w\" sizes=\"(max-width: 455px) 100vw, 455px\" \/><\/p>\n<p>&nbsp;<\/p>\n<p>S\u00edguenos #LDMnoticias #lodelmomentolojaLDM<\/p>\n","protected":false},"excerpt":{"rendered":"<p>Mediante un comunicado, la alcaldesa de Guayaquil, Cynthia Viteri, declar\u00f3 a la ciudad en Altera&#8230;<\/p>\n","protected":false},"author":1,"featured_media":7391,"comment_status":"open","ping_status":"open","sticky":false,"template":"","format":"standard","meta":{"footnotes":""},"categories":[7,1],"tags":[],"class_list":["post-7389","post","type-post","status-publish","format-standard","has-post-thumbnail","hentry","category-ecuador","category-inicio"],"_links":{"self":[{"href":"https:\/\/www.lodelmomentoloja.com\/index.php?rest_route=\/wp\/v2\/posts\/7389"}],"collection":[{"href":"https:\/\/www.lodelmomentoloja.com\/index.php?rest_route=\/wp\/v2\/posts"}],"about":[{"href":"https:\/\/www.lodelmomentoloja.com\/index.php?rest_route=\/wp\/v2\/types\/post"}],"author":[{"embeddable":true,"href":"https:\/\/www.lodelmomentoloja.com\/index.php?rest_route=\/wp\/v2\/users\/1"}],"replies":[{"embeddable":true,"href":"https:\/\/www.lodelmomentoloja.com\/index.php?rest_route=%2Fwp%2Fv2%2Fcomments&post=7389"}],"version-history":[{"count":3,"href":"https:\/\/www.lodelmomentoloja.com\/index.php?rest_route=\/wp\/v2\/posts\/7389\/revisions"}],"predecessor-version":[{"id":7395,"href":"https:\/\/www.lodelmomentoloja.com\/index.php?rest_route=\/wp\/v2\/posts\/7389\/revisions\/7395"}],"wp:featuredmedia":[{"embeddable":true,"href":"https:\/\/www.lodelmomentoloja.com\/index.php?rest_route=\/wp\/v2\/media\/7391"}],"wp:attachment":[{"href":"https:\/\/www.lodelmomentoloja.com\/index.php?rest_route=%2Fwp%2Fv2%2Fmedia&parent=7389"}],"wp:term":[{"taxonomy":"category","embeddable":true,"href":"https:\/\/www.lodelmomentoloja.com\/index.php?rest_route=%2Fwp%2Fv2%2Fcategories&post=7389"},{"taxonomy":"post_tag","embeddable":true,"href":"https:\/\/www.lodelmomentoloja.com\/index.php?rest_route=%2Fwp%2Fv2%2Ftags&post=7389"}],"curies":[{"name":"wp","href":"https:\/\/api.w.org\/{rel}","templated":true}]}}