{"id":7354,"date":"2022-01-06T09:40:46","date_gmt":"2022-01-06T09:40:46","guid":{"rendered":"https:\/\/www.lodelmomentoloja.com\/?p=7354"},"modified":"2022-01-06T14:41:54","modified_gmt":"2022-01-06T14:41:54","slug":"autoridades-dan-positivo-para-covid-19","status":"publish","type":"post","link":"https:\/\/www.lodelmomentoloja.com\/?p=7354","title":{"rendered":"Autoridades dan positivo para COVID-19"},"content":{"rendered":"<p>#Ecuador | Autoridades contagiadas con covid 19.<\/p>\n<p>La Vicepresidencia de la Rep\u00fablica inform\u00f3 que el segundo mandatario de Ecuador, Alfredo Borrero, dio positivo para covid-19 en 5 de enero del 2022. El Vicepresidente presenta sintomatolog\u00eda leve. Anteriormente \u201crecibi\u00f3 el esquema completo de vacunaci\u00f3n y cuenta con la dosis de refuerzo\u201c, se\u00f1al\u00f3 el Gobierno en un comunicado.<\/p>\n<p>En su cuenta de Twitter, Borrero asegur\u00f3 que sigui\u00f3 todas las medidas de bioseguridad, pero se contagi\u00f3. El funcionario inst\u00f3 a la ciudadan\u00eda a mantener las medidas de bioseguridad y a vacunarse para evitar contagios de covid-19.<\/p>\n<p>por otro lado el edil lojano Pablo Burneo a trav\u00e9s de su cuenta de facebook mencion\u00f3: &#8220;Hay COVID-19 en mi casa. Atender\u00e9 las gestiones desde el teletrabajo. No hay s\u00edntomas a\u00fan, todo saldr\u00e1 bien amigos&#8221;.<\/p>\n<p>www.lodelmomentoloja.com<br \/>\n#LDMnoticias #lodelmomentolojaLDM<\/p>\n","protected":false},"excerpt":{"rendered":"<p>#Ecuador | Autoridades contagiadas con covid 19. La Vicepresidencia de la Rep\u00fablica inform\u00f3 que el&#8230;<\/p>\n","protected":false},"author":1,"featured_media":7355,"comment_status":"open","ping_status":"open","sticky":false,"template":"","format":"standard","meta":{"footnotes":""},"categories":[7],"tags":[],"class_list":["post-7354","post","type-post","status-publish","format-standard","has-post-thumbnail","hentry","category-ecuador"],"_links":{"self":[{"href":"https:\/\/www.lodelmomentoloja.com\/index.php?rest_route=\/wp\/v2\/posts\/7354"}],"collection":[{"href":"https:\/\/www.lodelmomentoloja.com\/index.php?rest_route=\/wp\/v2\/posts"}],"about":[{"href":"https:\/\/www.lodelmomentoloja.com\/index.php?rest_route=\/wp\/v2\/types\/post"}],"author":[{"embeddable":true,"href":"https:\/\/www.lodelmomentoloja.com\/index.php?rest_route=\/wp\/v2\/users\/1"}],"replies":[{"embeddable":true,"href":"https:\/\/www.lodelmomentoloja.com\/index.php?rest_route=%2Fwp%2Fv2%2Fcomments&post=7354"}],"version-history":[{"count":1,"href":"https:\/\/www.lodelmomentoloja.com\/index.php?rest_route=\/wp\/v2\/posts\/7354\/revisions"}],"predecessor-version":[{"id":7356,"href":"https:\/\/www.lodelmomentoloja.com\/index.php?rest_route=\/wp\/v2\/posts\/7354\/revisions\/7356"}],"wp:featuredmedia":[{"embeddable":true,"href":"https:\/\/www.lodelmomentoloja.com\/index.php?rest_route=\/wp\/v2\/media\/7355"}],"wp:attachment":[{"href":"https:\/\/www.lodelmomentoloja.com\/index.php?rest_route=%2Fwp%2Fv2%2Fmedia&parent=7354"}],"wp:term":[{"taxonomy":"category","embeddable":true,"href":"https:\/\/www.lodelmomentoloja.com\/index.php?rest_route=%2Fwp%2Fv2%2Fcategories&post=7354"},{"taxonomy":"post_tag","embeddable":true,"href":"https:\/\/www.lodelmomentoloja.com\/index.php?rest_route=%2Fwp%2Fv2%2Ftags&post=7354"}],"curies":[{"name":"wp","href":"https:\/\/api.w.org\/{rel}","templated":true}]}}