{"id":7343,"date":"2022-01-05T10:03:09","date_gmt":"2022-01-05T10:03:09","guid":{"rendered":"https:\/\/www.lodelmomentoloja.com\/?p=7343"},"modified":"2022-01-06T05:05:07","modified_gmt":"2022-01-06T05:05:07","slug":"5-de-enero-dia-del-periodista-ecuatoriano","status":"publish","type":"post","link":"https:\/\/www.lodelmomentoloja.com\/?p=7343","title":{"rendered":"5 de enero &#8211; D\u00eda del periodista ecuatoriano."},"content":{"rendered":"<p>Cada 5 de enero en Ecuador, se celebra el d\u00eda del periodismo en honor al aparecimiento del Diario Primicias de la Cultura de Quito, impulsado por el precursor y pr\u00f3cer de la independencia, Eugenio de Santa Cruz y Espejo. El primer ejemplar apareci\u00f3 precisamente un 5 de enero de 1792. Muchos lo calificaron de revolucionario y con vocaci\u00f3n combativa, pero en realidad tuvo fundamentos contrarios; buscaba el mejoramiento de Quito, tratando de despertar el esp\u00edritu resignado de la ciudadan\u00eda que solo esperaba \u00ablo que venga\u00bb por parte de la corona espa\u00f1ola.<\/p>\n<p>&nbsp;<\/p>\n<p>Debido a las diferentes \u00e9pocas presidenciales que hubo, con sus conflictos e inestabilidades, m\u00e1s adelante se fundaron nuevos peri\u00f3dicos como:<br \/>\n\u2022 \u201cEl Tel\u00e9grafo\u201d (1860).<br \/>\n\u2022 \u201cEl Comercio\u201d (1906).<br \/>\n\u2022 \u201cEl Universo\u201d (1922).<\/p>\n<p>&nbsp;<\/p>\n<p>Hoy en d\u00eda, las mujeres consolidan su participaci\u00f3n en el periodismo, siendo las principales voceras de medios nacionales desde Loja, como Mar\u00eda del Roc\u00edo Coronel, Alba Herraez, Marcela Constante, entre otras. Pero desde la provincia lojana, debemos reconocer nuevos rostros que han realizado grandes labores en temas de investigaci\u00f3n independiente, tanto en medios digitales como radiales, vemos a Gina Yauri, Mar\u00eda Fernanda Ochoa, Ver\u00f3nica Ordo\u00f1ez, que d\u00eda a d\u00eda exponen lo que sucede, trayendo a la opini\u00f3n popular los hechos contrastados, m\u00e1s all\u00e1 de la mera informaci\u00f3n.<\/p>\n<p>&nbsp;<\/p>\n<p><strong><em>LDM saluda a todos los comunicadores que aportan su talento, incluso arriesgando su integridad, para mantener una sociedad plenamente informada.<\/em><\/strong><\/p>\n<p>&nbsp;<\/p>\n<p>S\u00edguenos #LDMnoticias o #lodelmomentolojaLDM<\/p>\n","protected":false},"excerpt":{"rendered":"<p>Cada 5 de enero en Ecuador, se celebra el d\u00eda del periodismo en honor al&#8230;<\/p>\n","protected":false},"author":1,"featured_media":7345,"comment_status":"open","ping_status":"open","sticky":false,"template":"","format":"standard","meta":{"footnotes":""},"categories":[7,1],"tags":[],"class_list":["post-7343","post","type-post","status-publish","format-standard","has-post-thumbnail","hentry","category-ecuador","category-inicio"],"_links":{"self":[{"href":"https:\/\/www.lodelmomentoloja.com\/index.php?rest_route=\/wp\/v2\/posts\/7343"}],"collection":[{"href":"https:\/\/www.lodelmomentoloja.com\/index.php?rest_route=\/wp\/v2\/posts"}],"about":[{"href":"https:\/\/www.lodelmomentoloja.com\/index.php?rest_route=\/wp\/v2\/types\/post"}],"author":[{"embeddable":true,"href":"https:\/\/www.lodelmomentoloja.com\/index.php?rest_route=\/wp\/v2\/users\/1"}],"replies":[{"embeddable":true,"href":"https:\/\/www.lodelmomentoloja.com\/index.php?rest_route=%2Fwp%2Fv2%2Fcomments&post=7343"}],"version-history":[{"count":2,"href":"https:\/\/www.lodelmomentoloja.com\/index.php?rest_route=\/wp\/v2\/posts\/7343\/revisions"}],"predecessor-version":[{"id":7349,"href":"https:\/\/www.lodelmomentoloja.com\/index.php?rest_route=\/wp\/v2\/posts\/7343\/revisions\/7349"}],"wp:featuredmedia":[{"embeddable":true,"href":"https:\/\/www.lodelmomentoloja.com\/index.php?rest_route=\/wp\/v2\/media\/7345"}],"wp:attachment":[{"href":"https:\/\/www.lodelmomentoloja.com\/index.php?rest_route=%2Fwp%2Fv2%2Fmedia&parent=7343"}],"wp:term":[{"taxonomy":"category","embeddable":true,"href":"https:\/\/www.lodelmomentoloja.com\/index.php?rest_route=%2Fwp%2Fv2%2Fcategories&post=7343"},{"taxonomy":"post_tag","embeddable":true,"href":"https:\/\/www.lodelmomentoloja.com\/index.php?rest_route=%2Fwp%2Fv2%2Ftags&post=7343"}],"curies":[{"name":"wp","href":"https:\/\/api.w.org\/{rel}","templated":true}]}}