{"id":7198,"date":"2021-12-28T10:46:20","date_gmt":"2021-12-28T10:46:20","guid":{"rendered":"https:\/\/www.lodelmomentoloja.com\/?p=7198"},"modified":"2021-12-29T20:34:55","modified_gmt":"2021-12-29T20:34:55","slug":"la-noche-amarilla-tendra-a-carlos-tevez","status":"publish","type":"post","link":"https:\/\/www.lodelmomentoloja.com\/?p=7198","title":{"rendered":"La noche amarilla tendr\u00e1 a Carlos T\u00e9vez"},"content":{"rendered":"<p>#Deportes | Barcelona oficializ\u00f3 a T\u00e9vez como invitado el lunes 27 de diciembre, a trav\u00e9s de un video en redes sociales.<\/p>\n<p>El argentino de 37 a\u00f1os, exjugador de Boca Juniors, Manchester United, Manchester City y Juventus, entre otros, ser\u00e1 la figura invitada en la Noche Amarilla 2022.<\/p>\n<p>Desde 2016, el equipo guayaquile\u00f1o ha invitado a grandes figuras a la Noche Amarilla, como Ronaldinho, Diego Forl\u00e1n, Kak\u00e1, Andrea Pirlo, Alessandro Del Piero y Javier Mascherano.<\/p>\n<p>www.lodelmomentoloja.com<br \/>\n#LDMnoticias #lodelmomentolojaLDM<\/p>\n","protected":false},"excerpt":{"rendered":"<p>#Deportes | Barcelona oficializ\u00f3 a T\u00e9vez como invitado el lunes 27 de diciembre, a trav\u00e9s&#8230;<\/p>\n","protected":false},"author":1,"featured_media":7199,"comment_status":"open","ping_status":"open","sticky":false,"template":"","format":"standard","meta":{"footnotes":""},"categories":[7],"tags":[],"class_list":["post-7198","post","type-post","status-publish","format-standard","has-post-thumbnail","hentry","category-ecuador"],"_links":{"self":[{"href":"https:\/\/www.lodelmomentoloja.com\/index.php?rest_route=\/wp\/v2\/posts\/7198"}],"collection":[{"href":"https:\/\/www.lodelmomentoloja.com\/index.php?rest_route=\/wp\/v2\/posts"}],"about":[{"href":"https:\/\/www.lodelmomentoloja.com\/index.php?rest_route=\/wp\/v2\/types\/post"}],"author":[{"embeddable":true,"href":"https:\/\/www.lodelmomentoloja.com\/index.php?rest_route=\/wp\/v2\/users\/1"}],"replies":[{"embeddable":true,"href":"https:\/\/www.lodelmomentoloja.com\/index.php?rest_route=%2Fwp%2Fv2%2Fcomments&post=7198"}],"version-history":[{"count":1,"href":"https:\/\/www.lodelmomentoloja.com\/index.php?rest_route=\/wp\/v2\/posts\/7198\/revisions"}],"predecessor-version":[{"id":7200,"href":"https:\/\/www.lodelmomentoloja.com\/index.php?rest_route=\/wp\/v2\/posts\/7198\/revisions\/7200"}],"wp:featuredmedia":[{"embeddable":true,"href":"https:\/\/www.lodelmomentoloja.com\/index.php?rest_route=\/wp\/v2\/media\/7199"}],"wp:attachment":[{"href":"https:\/\/www.lodelmomentoloja.com\/index.php?rest_route=%2Fwp%2Fv2%2Fmedia&parent=7198"}],"wp:term":[{"taxonomy":"category","embeddable":true,"href":"https:\/\/www.lodelmomentoloja.com\/index.php?rest_route=%2Fwp%2Fv2%2Fcategories&post=7198"},{"taxonomy":"post_tag","embeddable":true,"href":"https:\/\/www.lodelmomentoloja.com\/index.php?rest_route=%2Fwp%2Fv2%2Ftags&post=7198"}],"curies":[{"name":"wp","href":"https:\/\/api.w.org\/{rel}","templated":true}]}}