{"id":7179,"date":"2021-12-27T10:00:44","date_gmt":"2021-12-27T10:00:44","guid":{"rendered":"https:\/\/www.lodelmomentoloja.com\/?p=7179"},"modified":"2021-12-29T20:33:03","modified_gmt":"2021-12-29T20:33:03","slug":"asambleistas-lojanos-cierran-el-ano-sin-proyectos-aprobados","status":"publish","type":"post","link":"https:\/\/www.lodelmomentoloja.com\/?p=7179","title":{"rendered":"Asamble\u00edstas lojanos cierran el a\u00f1o sin proyectos aprobados"},"content":{"rendered":"<p>El a\u00f1o 2021 culminar\u00e1 dentro de pocos d\u00edas y hasta la presente han pasado 7 meses de gesti\u00f3n en la Asamblea Nacional del Ecuador, <strong>dejando como resultado 123 proyectos ingresados<\/strong>, dejando 92 proyectos calificados por el Consejo de la Administraci\u00f3n Legislativa (CAL), 3 retirados, 4 archivados, 10 pendientes para su tratamiento, 13 pendientes por la Unidad T\u00e9cnica Legislativa y 1 publicado en el registro oficial. Otros 63 proyectos de la agenda Parlamentaria &#8220;Minga por el Ecuador&#8221;: 58 Proyectos de la Agenda Parlamentaria que est\u00e1n en Comisiones Especializadas Permanentes y 5 Proyectos se encuentran en el CAL.<\/p>\n<p>Lo que finalmente deja como resultado<strong> 20 leyes aprobadas por el Pleno de la Asamblea Nacional<\/strong> y publicadas en el Registro Oficial desde el 14 de mayo hasta el 14 de diciembre del 2021. <strong>Sin embargo, los legisladores lojanos, no tienen una sola ley aprobada.<\/strong><\/p>\n<p>Diez solicitudes de juicio pol\u00edtico se tramitaron, de ellos cuatro pedidos terminaron con censura y destituci\u00f3n del exDefensor del Pueblo, Superintendente de Compa\u00f1\u00edas, Excontralor y Exministro de Energ\u00eda.<\/p>\n<p>&nbsp;<\/p>\n<h3>\u00bfCu\u00e1les son los proyectos o reformas de ley que han presentado?<\/h3>\n<p><strong>Asamble\u00edsta de Loja &#8211; Luc\u00eda Placencia<\/strong><\/p>\n<ul>\n<li><em>11 de noviembre 2021<\/em> &#8211; <strong>En tr\u00e1mite<\/strong> (Revisi\u00f3n en el CAL) Proyecto de Ley Org\u00e1nica Reformatoria al C\u00f3digo Org\u00e1nico Territorial, Autonom\u00eda y Descentralizaci\u00f3n<\/li>\n<li><em>11 de agosto 2021<\/em> &#8211; <strong>En tr\u00e1mite<\/strong> (Registro del Proyecto) Proyecto de Ley Org\u00e1nica Reformatoria al C\u00f3digo Org\u00e1nico de la Producci\u00f3n, Inversi\u00f3n y Comercio Exterior, Ley Org\u00e1nica de Sanidad Agropecuaria y C\u00f3digo Org\u00e1nico Penal<\/li>\n<\/ul>\n<p>&nbsp;<\/p>\n<p><strong>Asamble\u00edsta de Loja &#8211; Manuel Medina<\/strong><\/p>\n<ul>\n<li><em>20 de octubre 2021<\/em> &#8211; <strong>En tr\u00e1mite<\/strong> (Registro del proyecto) Proyecto de Ley Org\u00e1nica Reformatoria a la Ley Org\u00e1nica de Educaci\u00f3n Intercultural.<\/li>\n<li><em>19 de octubre 2021<\/em> &#8211; <strong>Retirado<\/strong> (Revisi\u00f3n en el CAL) Proyecto Reformatoria a la Ley Org\u00e1nica de Cultura<\/li>\n<\/ul>\n<p>&nbsp;<\/p>\n<p><strong>Asamble\u00edsta de Loja &#8211; Byron Maldonado<\/strong><\/p>\n<ul>\n<li><em>24 de diciembre 2021<\/em> &#8211; <strong>En tr\u00e1mite<\/strong> (Revisi\u00f3n en el CAL) Proyecto de Ley que Reforma Diversos Cuerpos legales de los derechos de las personas adultas mayores.<\/li>\n<li><em>27 de agosto 2021<\/em> &#8211; <strong>En tr\u00e1mite<\/strong> (Revisi\u00f3n de comisi\u00f3n para Primer Debate) Proyecto de Ley Org\u00e1nica Reformatoria al C\u00f3digo Org\u00e1nico de Organizaci\u00f3n Territorial, Autonom\u00eda y Descentralizaci\u00f3n, para viabilizar legalmente la enmienda a la Constituci\u00f3n de la Rep\u00fablica.<\/li>\n<li><em>27 de agosto 2021<\/em> &#8211; <strong>En tr\u00e1mite<\/strong> (Revisi\u00f3n en Comisi\u00f3n para primer debate) Proyecto de ley Org\u00e1nica Reformatoria a la Ley Org\u00e1nica del servicio P\u00fablico de Energ\u00eda El\u00e9ctrica, que regula la inversi\u00f3n de los Recursos para Proyectos de Desarrollo Territorial<\/li>\n<\/ul>\n<p><strong>Asamble\u00edsta de Loja &#8211; Johanna Ortiz<\/strong><\/p>\n<ul>\n<li>10 de julio 2021 &#8211; <strong>En tr\u00e1mite<\/strong> (Revisi\u00f3n en Comisi\u00f3n para primer debate)<br \/>\nProyecto de Ley que Reforma al C\u00f3digo de Trabajo y la Ley de Seguridad Social para el reconocimiento de la relaci\u00f3n laboral de los trabajadores de empresas que operan a trav\u00e9s de plataformas digitales.<\/li>\n<li>12 de agosto 2021 &#8211; <strong>En tr\u00e1mite<\/strong> (Revisi\u00f3n en Comisi\u00f3n para primer debate) Proyecto de la Org\u00e1nica que Deroga Determinadas Disposiciones de la Ley Org\u00e1nica de apoyo humanitario para combatir la crisis sanitaria derivada del COVID-19.<\/li>\n<\/ul>\n<p><em>S\u00edguenos en #LDMnoticias #lodelmomentolojaLDM.<\/em><\/p>\n<p>.<\/p>\n","protected":false},"excerpt":{"rendered":"<p>El a\u00f1o 2021 culminar\u00e1 dentro de pocos d\u00edas y hasta la presente han pasado 7&#8230;<\/p>\n","protected":false},"author":1,"featured_media":7180,"comment_status":"open","ping_status":"open","sticky":false,"template":"","format":"standard","meta":{"footnotes":""},"categories":[1,5],"tags":[],"class_list":["post-7179","post","type-post","status-publish","format-standard","has-post-thumbnail","hentry","category-inicio","category-loja"],"_links":{"self":[{"href":"https:\/\/www.lodelmomentoloja.com\/index.php?rest_route=\/wp\/v2\/posts\/7179"}],"collection":[{"href":"https:\/\/www.lodelmomentoloja.com\/index.php?rest_route=\/wp\/v2\/posts"}],"about":[{"href":"https:\/\/www.lodelmomentoloja.com\/index.php?rest_route=\/wp\/v2\/types\/post"}],"author":[{"embeddable":true,"href":"https:\/\/www.lodelmomentoloja.com\/index.php?rest_route=\/wp\/v2\/users\/1"}],"replies":[{"embeddable":true,"href":"https:\/\/www.lodelmomentoloja.com\/index.php?rest_route=%2Fwp%2Fv2%2Fcomments&post=7179"}],"version-history":[{"count":1,"href":"https:\/\/www.lodelmomentoloja.com\/index.php?rest_route=\/wp\/v2\/posts\/7179\/revisions"}],"predecessor-version":[{"id":7181,"href":"https:\/\/www.lodelmomentoloja.com\/index.php?rest_route=\/wp\/v2\/posts\/7179\/revisions\/7181"}],"wp:featuredmedia":[{"embeddable":true,"href":"https:\/\/www.lodelmomentoloja.com\/index.php?rest_route=\/wp\/v2\/media\/7180"}],"wp:attachment":[{"href":"https:\/\/www.lodelmomentoloja.com\/index.php?rest_route=%2Fwp%2Fv2%2Fmedia&parent=7179"}],"wp:term":[{"taxonomy":"category","embeddable":true,"href":"https:\/\/www.lodelmomentoloja.com\/index.php?rest_route=%2Fwp%2Fv2%2Fcategories&post=7179"},{"taxonomy":"post_tag","embeddable":true,"href":"https:\/\/www.lodelmomentoloja.com\/index.php?rest_route=%2Fwp%2Fv2%2Ftags&post=7179"}],"curies":[{"name":"wp","href":"https:\/\/api.w.org\/{rel}","templated":true}]}}