{"id":7145,"date":"2021-12-23T14:00:47","date_gmt":"2021-12-23T14:00:47","guid":{"rendered":"https:\/\/www.lodelmomentoloja.com\/?p=7145"},"modified":"2021-12-29T20:22:22","modified_gmt":"2021-12-29T20:22:22","slug":"vacuna-obligatoria-en-ecuador","status":"publish","type":"post","link":"https:\/\/www.lodelmomentoloja.com\/?p=7145","title":{"rendered":"Vacuna obligatoria en Ecuador"},"content":{"rendered":"<p>#URGENTE | Se declara vacunaci\u00f3n obligatoria en Ecuador.<\/p>\n<p>El Ministerio de Salud justifica su decisi\u00f3n con base en la Ley Org\u00e1nica de Salud que le permite \u201cdeclarar la obligatoriedad de las inmunizaciones contra determinadas enfermedades\u201d.<\/p>\n<p>En un documento de 22 p\u00e1ginas, la autoridad sanitaria \u201cdeclara la obligatoriedad de la vacunaci\u00f3n contra el Covid-19 en el territorio nacional, debido al estado epidemiol\u00f3gico actual, el riesgo de las nuevas variantes, disponibilidad y acceso de vacunas, as\u00ed como la evidencia cient\u00edfica\u201d.<\/p>\n<p>Sin embargo, en el mismo documento se se\u00f1ala que \u201cla vacunaci\u00f3n no ser\u00e1 obligatoria para las personas que presenten alguna condici\u00f3n m\u00e9dica o contraindicaci\u00f3n debidamente certificada\u201d.<\/p>\n<p>Sobre el inicio de la exigencia de la presentaci\u00f3n del carn\u00e9, la entidad se\u00f1al\u00f3 que regir\u00e1 desde este jueves 23 de diciembre del 2021, hasta el 22 de enero del 2022.<\/p>\n<p>La ministra de salud, Ximena Garz\u00f3n, mencion\u00f3 que a\u00fan no se puede declarar que en Ecuador hay contagio comunitario de la variante \u00d3micron, pero reconoci\u00f3 que \u201cprobablemente en un par de d\u00edas ya sea comunitaria\u201d.<\/p>\n<p>www.lodelmomentoloja.com<br \/>\n#LDMnoticias #lodelmomentolojaLDM<\/p>\n","protected":false},"excerpt":{"rendered":"<p>#URGENTE | Se declara vacunaci\u00f3n obligatoria en Ecuador. El Ministerio de Salud justifica su decisi\u00f3n&#8230;<\/p>\n","protected":false},"author":1,"featured_media":7146,"comment_status":"open","ping_status":"open","sticky":false,"template":"","format":"standard","meta":{"footnotes":""},"categories":[7],"tags":[],"class_list":["post-7145","post","type-post","status-publish","format-standard","has-post-thumbnail","hentry","category-ecuador"],"_links":{"self":[{"href":"https:\/\/www.lodelmomentoloja.com\/index.php?rest_route=\/wp\/v2\/posts\/7145"}],"collection":[{"href":"https:\/\/www.lodelmomentoloja.com\/index.php?rest_route=\/wp\/v2\/posts"}],"about":[{"href":"https:\/\/www.lodelmomentoloja.com\/index.php?rest_route=\/wp\/v2\/types\/post"}],"author":[{"embeddable":true,"href":"https:\/\/www.lodelmomentoloja.com\/index.php?rest_route=\/wp\/v2\/users\/1"}],"replies":[{"embeddable":true,"href":"https:\/\/www.lodelmomentoloja.com\/index.php?rest_route=%2Fwp%2Fv2%2Fcomments&post=7145"}],"version-history":[{"count":1,"href":"https:\/\/www.lodelmomentoloja.com\/index.php?rest_route=\/wp\/v2\/posts\/7145\/revisions"}],"predecessor-version":[{"id":7147,"href":"https:\/\/www.lodelmomentoloja.com\/index.php?rest_route=\/wp\/v2\/posts\/7145\/revisions\/7147"}],"wp:featuredmedia":[{"embeddable":true,"href":"https:\/\/www.lodelmomentoloja.com\/index.php?rest_route=\/wp\/v2\/media\/7146"}],"wp:attachment":[{"href":"https:\/\/www.lodelmomentoloja.com\/index.php?rest_route=%2Fwp%2Fv2%2Fmedia&parent=7145"}],"wp:term":[{"taxonomy":"category","embeddable":true,"href":"https:\/\/www.lodelmomentoloja.com\/index.php?rest_route=%2Fwp%2Fv2%2Fcategories&post=7145"},{"taxonomy":"post_tag","embeddable":true,"href":"https:\/\/www.lodelmomentoloja.com\/index.php?rest_route=%2Fwp%2Fv2%2Ftags&post=7145"}],"curies":[{"name":"wp","href":"https:\/\/api.w.org\/{rel}","templated":true}]}}