{"id":7108,"date":"2021-12-22T18:42:07","date_gmt":"2021-12-22T18:42:07","guid":{"rendered":"https:\/\/www.lodelmomentoloja.com\/?p=7108"},"modified":"2021-12-29T20:20:07","modified_gmt":"2021-12-29T20:20:07","slug":"__trashed-3","status":"publish","type":"post","link":"https:\/\/www.lodelmomentoloja.com\/?p=7108","title":{"rendered":"Alerta epidemiol\u00f3gica naranja para Quito."},"content":{"rendered":"<p>#UIO | Quito, en alerta epidemiol\u00f3gica naranja ante \u00f3micron.<\/p>\n<p>Tras analizar la situaci\u00f3n, el COE Metropolitano puso a Quito en alerta epidemiol\u00f3gica naranja y adopt\u00f3 nuevas medidas.<\/p>\n<p>A ese nivel de alerta corresponden diversas medidas que tienen que ver, especialmente con el nivel de aforo para las diferentes actividades.<\/p>\n<p>Se estableci\u00f3 que, bares y discotecas, centros de entretenimiento, centros de tolerancia y diversi\u00f3n nocturna, mantendr\u00e1n un aforo del 30%.<\/p>\n<p>Dentro de los balnearios municipales, el aforo permitido es m\u00e1ximo del 50% y un horario para uso de sus instalaciones, desde las 06:00 hasta las 18:00.<\/p>\n<p>Centros comerciales, mercados, supermercados y gimnasios se contempla un aforo del 65%.<\/p>\n<p>En las agencias bancarias y corporativas ser\u00e1 permitido el aforo del 60%. Mientras que, cines, teatros ser\u00e1 del 50%.<\/p>\n<p>Auditorios, centros de convenciones alojamiento, sala de recepciones y eventos corporativos y acad\u00e9micos que se realicen en el interior ser\u00e1 del 70% y los eventos que se realicen al aire libre se permitir\u00e1 el 80% de aforo. Los espect\u00e1culos p\u00fablicos se reducen al 30%.<\/p>\n<p>En cuanto a los aforos en el transporte p\u00fablico, se resolvi\u00f3 su reducci\u00f3n al 75%. Esta medida ser\u00e1 revisada durante la primera semana de enero, de acuerdo con los indicadores epidemiol\u00f3gicos y su evoluci\u00f3n.<\/p>\n<p>En cuanto al consumo y expendio de bebidas alcoh\u00f3licas y de moderaci\u00f3n en espacios p\u00fablicos, se dispuso la aplicaci\u00f3n de la Resoluci\u00f3n A14 2021, que veta su ingesta en este \u00e1mbito en la v\u00eda p\u00fablica.<\/p>\n<p>www.lodelmomentoloja.com<br \/>\n#LDMnoticias #lodemomentolojaLDM<\/p>\n","protected":false},"excerpt":{"rendered":"<p>#UIO | Quito, en alerta epidemiol\u00f3gica naranja ante \u00f3micron. Tras analizar la situaci\u00f3n, el COE&#8230;<\/p>\n","protected":false},"author":1,"featured_media":0,"comment_status":"open","ping_status":"open","sticky":false,"template":"","format":"standard","meta":{"footnotes":""},"categories":[7],"tags":[],"class_list":["post-7108","post","type-post","status-publish","format-standard","hentry","category-ecuador"],"_links":{"self":[{"href":"https:\/\/www.lodelmomentoloja.com\/index.php?rest_route=\/wp\/v2\/posts\/7108"}],"collection":[{"href":"https:\/\/www.lodelmomentoloja.com\/index.php?rest_route=\/wp\/v2\/posts"}],"about":[{"href":"https:\/\/www.lodelmomentoloja.com\/index.php?rest_route=\/wp\/v2\/types\/post"}],"author":[{"embeddable":true,"href":"https:\/\/www.lodelmomentoloja.com\/index.php?rest_route=\/wp\/v2\/users\/1"}],"replies":[{"embeddable":true,"href":"https:\/\/www.lodelmomentoloja.com\/index.php?rest_route=%2Fwp%2Fv2%2Fcomments&post=7108"}],"version-history":[{"count":1,"href":"https:\/\/www.lodelmomentoloja.com\/index.php?rest_route=\/wp\/v2\/posts\/7108\/revisions"}],"predecessor-version":[{"id":7121,"href":"https:\/\/www.lodelmomentoloja.com\/index.php?rest_route=\/wp\/v2\/posts\/7108\/revisions\/7121"}],"wp:attachment":[{"href":"https:\/\/www.lodelmomentoloja.com\/index.php?rest_route=%2Fwp%2Fv2%2Fmedia&parent=7108"}],"wp:term":[{"taxonomy":"category","embeddable":true,"href":"https:\/\/www.lodelmomentoloja.com\/index.php?rest_route=%2Fwp%2Fv2%2Fcategories&post=7108"},{"taxonomy":"post_tag","embeddable":true,"href":"https:\/\/www.lodelmomentoloja.com\/index.php?rest_route=%2Fwp%2Fv2%2Ftags&post=7108"}],"curies":[{"name":"wp","href":"https:\/\/api.w.org\/{rel}","templated":true}]}}