{"id":7107,"date":"2021-12-22T11:22:41","date_gmt":"2021-12-22T11:22:41","guid":{"rendered":"https:\/\/www.lodelmomentoloja.com\/?p=7107"},"modified":"2021-12-29T20:18:21","modified_gmt":"2021-12-29T20:18:21","slug":"catalogan-de-abuso-al-impuesto-predial-de-loja","status":"publish","type":"post","link":"https:\/\/www.lodelmomentoloja.com\/?p=7107","title":{"rendered":"Catalogan de &#8220;abuso&#8221; al impuesto predial de Loja"},"content":{"rendered":"<div class=\"kvgmc6g5 cxmmr5t8 oygrvhab hcukyx3x c1et5uql ii04i59q\">\n<div dir=\"auto\">\n<h3>EL IMPUESTO PREDIAL QUE CAUSA POL\u00c9MICA<\/h3>\n<p>Bajo el amparo del Art. 139 del COOTAD, los Gobiernos Aut\u00f3nomos Descentralizados del pa\u00eds tiene la obligaci\u00f3n actualizar cada dos a\u00f1os los catastros y valoraci\u00f3n de la propiedad urbana y rural, l\u00f3gicamente, sin perjuicio de realizar la actualizaci\u00f3n cuando solicite el propietario, a su costa. En esta ocasi\u00f3n, correspondiente a los a\u00f1os 2022-2023.<\/p>\n<\/div>\n<p>Esta valoraci\u00f3n del impuesto predial es el resultado de la sumatoria del valor del suelo, valor de la construcci\u00f3n (si hubiera) y la reposici\u00f3n, valores que se multiplican por la banda impositiva, tanto en las zonas urbanas como rurales que manejan diferentes porcentajes:<\/p>\n<ul>\n<li>En la zona urbana va desde 0,25 a 5 x 1.000.<\/li>\n<li>En la zona rural va desde 0,25 al 3 x 1.000.<\/li>\n<\/ul>\n<div dir=\"auto\">\n<p>En esta semana, el cabildo de Loja, con ocho votos a favor se aprob\u00f3 la ordenanza en segundo y definitivo debate el proyecto de Ordenanza de aprobaci\u00f3n de planos de valoraci\u00f3n del suelo urbano y la formaci\u00f3n de los catastros prediales, la determinaci\u00f3n, administraci\u00f3n y recaudaci\u00f3n del impuesto a los predios urbanos para el bienio 2022-2023. Adicional a ello, tambi\u00e9n se aprob\u00f3 el proyecto de Ordenanza de aprobaci\u00f3n de planos de zonas homog\u00e9neas y de valoraci\u00f3n de la tierra rural, as\u00ed como la determinaci\u00f3n, administraci\u00f3n y la recaudaci\u00f3n de los impuestos a los predios rurales del Gobierno Aut\u00f3nomo Descentralizado Municipal del cant\u00f3n Loja que regir\u00e1 en el bienio 2022-2023.<\/p>\n<\/div>\n<\/div>\n<p>Esta postura que tom\u00f3 el cabildo de Loja ha hecho que los ediles Dario Loja, Pablo Burneo y Santiago Err\u00e1ez la califiquen de abusiva, pues aducen que los montos de recaudaci\u00f3n se han aumentado considerablemente en comparaci\u00f3n al a\u00f1o 2021, con un incremento de 1&#8217;174.898,36 d\u00f3lares.<\/p>\n<p>&nbsp;<\/p>\n<p><img loading=\"lazy\" decoding=\"async\" class=\"alignnone wp-image-7118 size-large\" src=\"http:\/\/www.lodelmomentoloja.com\/wp-content\/uploads\/2021\/12\/rtyuk-1024x511.jpg\" alt=\"\" width=\"640\" height=\"319\" srcset=\"https:\/\/www.lodelmomentoloja.com\/wp-content\/uploads\/2021\/12\/rtyuk-1024x511.jpg 1024w, https:\/\/www.lodelmomentoloja.com\/wp-content\/uploads\/2021\/12\/rtyuk-300x150.jpg 300w, https:\/\/www.lodelmomentoloja.com\/wp-content\/uploads\/2021\/12\/rtyuk-768x383.jpg 768w, https:\/\/www.lodelmomentoloja.com\/wp-content\/uploads\/2021\/12\/rtyuk-640x319.jpg 640w, https:\/\/www.lodelmomentoloja.com\/wp-content\/uploads\/2021\/12\/rtyuk.jpg 1527w\" sizes=\"(max-width: 640px) 100vw, 640px\" \/><\/p>\n<p><em>Cuadro elaborado por Dario Loja.<\/em><\/p>\n<p>&nbsp;<\/p>\n<h3>Las versiones<\/h3>\n<p><strong><em>Pablo Burneo:<\/em><\/strong> Vote en contra de las dos mociones porque ninguna genera beneficio al ciudadano, a decir del edil, los propietarios de los bienes inmuebles deber\u00e1n hacer gestiones al GAD para decirles que no cuentan con servicios que les van a cobrar.<\/p>\n<p><em><strong>Dario Loja:<\/strong><\/em> Para que no haya este abuso en el incremento, se pidi\u00f3 a los compa\u00f1eros concejales revisar el valor de la banda impositiva, 1&#8217;174.898,36 d\u00f3lares adicionales en las actuales circunstancias, no es lo m\u00e1s adecuado.<\/p>\n<p><em><strong>Santiago Err\u00e9z:<\/strong><\/em> Para mi criterio el cabildo cometi\u00f3 un abuso, a diferencia del a\u00f1o anterior, existe m\u00e1s de un mill\u00f3n. Este es el incremento m\u00e1s significativo de los \u00faltimos a\u00f1os.<\/p>\n<p>&nbsp;<\/p>\n<p>Por otro lado, los ediles que votaron a favor de estos temas, tienen una postura diferentes y ratifican que lo han hecho de la forma m\u00e1s t\u00e9cnica posible:<\/p>\n<p><strong><em>Ramiro Palacios:<\/em><\/strong> En otros predios saldr\u00e1 m\u00e1s porque se van a sincerar los precios, nada m\u00e1s. No es que se ha subido o quiere cobrar de forma desproporcionada.<\/p>\n<p><strong><em>Patricio Lozano:<\/em><\/strong> Con estas nuevas variables, permitir\u00e1n tener una mejor visi\u00f3n de la valoraci\u00f3n del suelo, es decir que se van a sincerar. Algunos tienen casas pero pagaban como lotes.<\/p>\n<p><strong><em>Karina Gonz\u00e1lez:<\/em><\/strong> La banda que se aprob\u00f3 en lo urbano es 0,67 mucho menor al 0,73 que exist\u00eda, en la rurales se mantiene al 0,70. Si las bandas no han incrementado \u00bfPor qu\u00e9 deber\u00eda incrementar el impuesto predial?<\/p>\n<p>&nbsp;<\/p>\n<div class=\"cxmmr5t8 oygrvhab hcukyx3x c1et5uql o9v6fnle ii04i59q\">\n<div dir=\"auto\"><em>S\u00edguenos #LDMnoticias o #lodelmomentolojaLDM<\/em><\/div>\n<\/div>\n","protected":false},"excerpt":{"rendered":"<p>EL IMPUESTO PREDIAL QUE CAUSA POL\u00c9MICA Bajo el amparo del Art. 139 del COOTAD, los&#8230;<\/p>\n","protected":false},"author":1,"featured_media":7116,"comment_status":"open","ping_status":"open","sticky":false,"template":"","format":"standard","meta":{"footnotes":""},"categories":[1,5],"tags":[],"class_list":["post-7107","post","type-post","status-publish","format-standard","has-post-thumbnail","hentry","category-inicio","category-loja"],"_links":{"self":[{"href":"https:\/\/www.lodelmomentoloja.com\/index.php?rest_route=\/wp\/v2\/posts\/7107"}],"collection":[{"href":"https:\/\/www.lodelmomentoloja.com\/index.php?rest_route=\/wp\/v2\/posts"}],"about":[{"href":"https:\/\/www.lodelmomentoloja.com\/index.php?rest_route=\/wp\/v2\/types\/post"}],"author":[{"embeddable":true,"href":"https:\/\/www.lodelmomentoloja.com\/index.php?rest_route=\/wp\/v2\/users\/1"}],"replies":[{"embeddable":true,"href":"https:\/\/www.lodelmomentoloja.com\/index.php?rest_route=%2Fwp%2Fv2%2Fcomments&post=7107"}],"version-history":[{"count":4,"href":"https:\/\/www.lodelmomentoloja.com\/index.php?rest_route=\/wp\/v2\/posts\/7107\/revisions"}],"predecessor-version":[{"id":7120,"href":"https:\/\/www.lodelmomentoloja.com\/index.php?rest_route=\/wp\/v2\/posts\/7107\/revisions\/7120"}],"wp:featuredmedia":[{"embeddable":true,"href":"https:\/\/www.lodelmomentoloja.com\/index.php?rest_route=\/wp\/v2\/media\/7116"}],"wp:attachment":[{"href":"https:\/\/www.lodelmomentoloja.com\/index.php?rest_route=%2Fwp%2Fv2%2Fmedia&parent=7107"}],"wp:term":[{"taxonomy":"category","embeddable":true,"href":"https:\/\/www.lodelmomentoloja.com\/index.php?rest_route=%2Fwp%2Fv2%2Fcategories&post=7107"},{"taxonomy":"post_tag","embeddable":true,"href":"https:\/\/www.lodelmomentoloja.com\/index.php?rest_route=%2Fwp%2Fv2%2Ftags&post=7107"}],"curies":[{"name":"wp","href":"https:\/\/api.w.org\/{rel}","templated":true}]}}