{"id":7096,"date":"2021-12-22T09:22:12","date_gmt":"2021-12-22T09:22:12","guid":{"rendered":"https:\/\/www.lodelmomentoloja.com\/?p=7096"},"modified":"2021-12-29T20:18:31","modified_gmt":"2021-12-29T20:18:31","slug":"ultimos-feriados-en-ecuador","status":"publish","type":"post","link":"https:\/\/www.lodelmomentoloja.com\/?p=7096","title":{"rendered":"\u00daltimos feriados en Ecuador"},"content":{"rendered":"<p dir=\"ltr\">#Ecuador | Ecuador tendr\u00e1 dos \u00faltimos feriados durante diciembre del 2021.<\/p>\n<p dir=\"ltr\">El primero ser\u00e1 por Navidad, que se festeja el 25 de diciembre pero al caer en el calendario en un d\u00eda s\u00e1bado este se trasladar\u00e1 al viernes 24 de diciembre, seg\u00fan lo establece la Ley de Feriados.<\/p>\n<p dir=\"ltr\">Mientras que para el feriado por A\u00f1o Nuevo que para este a\u00f1o cae en un d\u00eda s\u00e1bado, por lo que, al igual que con el feriado de Navidad, se trasladar\u00e1 al viernes 31 de diciembre.<\/p>\n<p dir=\"ltr\">\u201cCuando los d\u00edas feriados de descanso obligatorio a nivel nacional o local establecidos en esta Ley, correspondan a los d\u00edas s\u00e1bados o domingos, el descanso se trasladar\u00e1, respectivamente, al anterior d\u00eda viernes o al posterior d\u00eda lunes\u201d, se\u00f1ala la normativa.<\/p>\n<p dir=\"ltr\">Las labores y actividades se retomar\u00e1n desde el lunes 3 de enero del 2022.<\/p>\n<p dir=\"ltr\">www.lodelmomentoloja.com<br \/>\n#LDMnoticias#lodelmomentolojaLDM<\/p>\n","protected":false},"excerpt":{"rendered":"<p>#Ecuador | Ecuador tendr\u00e1 dos \u00faltimos feriados durante diciembre del 2021. El primero ser\u00e1 por&#8230;<\/p>\n","protected":false},"author":1,"featured_media":7097,"comment_status":"open","ping_status":"open","sticky":false,"template":"","format":"standard","meta":{"footnotes":""},"categories":[7],"tags":[],"class_list":["post-7096","post","type-post","status-publish","format-standard","has-post-thumbnail","hentry","category-ecuador"],"_links":{"self":[{"href":"https:\/\/www.lodelmomentoloja.com\/index.php?rest_route=\/wp\/v2\/posts\/7096"}],"collection":[{"href":"https:\/\/www.lodelmomentoloja.com\/index.php?rest_route=\/wp\/v2\/posts"}],"about":[{"href":"https:\/\/www.lodelmomentoloja.com\/index.php?rest_route=\/wp\/v2\/types\/post"}],"author":[{"embeddable":true,"href":"https:\/\/www.lodelmomentoloja.com\/index.php?rest_route=\/wp\/v2\/users\/1"}],"replies":[{"embeddable":true,"href":"https:\/\/www.lodelmomentoloja.com\/index.php?rest_route=%2Fwp%2Fv2%2Fcomments&post=7096"}],"version-history":[{"count":1,"href":"https:\/\/www.lodelmomentoloja.com\/index.php?rest_route=\/wp\/v2\/posts\/7096\/revisions"}],"predecessor-version":[{"id":7098,"href":"https:\/\/www.lodelmomentoloja.com\/index.php?rest_route=\/wp\/v2\/posts\/7096\/revisions\/7098"}],"wp:featuredmedia":[{"embeddable":true,"href":"https:\/\/www.lodelmomentoloja.com\/index.php?rest_route=\/wp\/v2\/media\/7097"}],"wp:attachment":[{"href":"https:\/\/www.lodelmomentoloja.com\/index.php?rest_route=%2Fwp%2Fv2%2Fmedia&parent=7096"}],"wp:term":[{"taxonomy":"category","embeddable":true,"href":"https:\/\/www.lodelmomentoloja.com\/index.php?rest_route=%2Fwp%2Fv2%2Fcategories&post=7096"},{"taxonomy":"post_tag","embeddable":true,"href":"https:\/\/www.lodelmomentoloja.com\/index.php?rest_route=%2Fwp%2Fv2%2Ftags&post=7096"}],"curies":[{"name":"wp","href":"https:\/\/api.w.org\/{rel}","templated":true}]}}