{"id":6945,"date":"2021-12-17T14:41:09","date_gmt":"2021-12-17T14:41:09","guid":{"rendered":"https:\/\/www.lodelmomentoloja.com\/?p=6945"},"modified":"2021-12-29T20:05:40","modified_gmt":"2021-12-29T20:05:40","slug":"iza-anuncia-nuevo-paro-nacional-en-2022","status":"publish","type":"post","link":"https:\/\/www.lodelmomentoloja.com\/?p=6945","title":{"rendered":"Iza anuncia nuevo paro nacional en 2022"},"content":{"rendered":"<p>#Ecuador | Iza anunci\u00f3 nuevo paro nacional indefinido a partir de enero del 2022.<\/p>\n<p>Leonidas Iza, presidente de la CONAIE, anunci\u00f3 paro nacional indefinido a partir de enero del 2022 tras haber recorridos diferentes territorios a nivel nacional ya que el gobierno no ha considerado bajar el precio de los combustibles.<\/p>\n<p>Tambi\u00e9n, en un medio digital asegur\u00f3:<br \/>\n\u201cDicen que estamos haciendo pol\u00edtica, que estamos queriendo ser candidatos en el 2025. No s\u00e9 qu\u00e9 pueda suceder en el campo electoral en el 2025, en este momento somos dirigentes, estamos defendiendo los derechos que nos est\u00e1n agrediendo\u201d, dijo.<\/p>\n<p>No obstante, \u201csi es que hay esas posibilidades, pero ser\u00e1 en ese momento. No s\u00e9 qu\u00e9 va a pasar. Mientras estemos con vida lucharemos por este tiempo, pasar\u00e1 el 2024, el 2025 no sabemos qu\u00e9 va a pasar. Si en ese escenario hay posibilidades, l\u00f3gicamente ser\u00e1 con la decisi\u00f3n de las organizaciones, mas no con el c\u00e1lculo pol\u00edtico construido desde ahora que estamos luchando en contra del neoliberalismo&#8221;, reproch\u00f3 en la entrevista.<\/p>\n<p>Fuente: Radio Din\u00e1mica.<\/p>\n<p>#LDMnoticias #lodelmomentolojaLDM<\/p>\n","protected":false},"excerpt":{"rendered":"<p>#Ecuador | Iza anunci\u00f3 nuevo paro nacional indefinido a partir de enero del 2022. Leonidas&#8230;<\/p>\n","protected":false},"author":1,"featured_media":6946,"comment_status":"open","ping_status":"open","sticky":false,"template":"","format":"standard","meta":{"footnotes":""},"categories":[7],"tags":[],"class_list":["post-6945","post","type-post","status-publish","format-standard","has-post-thumbnail","hentry","category-ecuador"],"_links":{"self":[{"href":"https:\/\/www.lodelmomentoloja.com\/index.php?rest_route=\/wp\/v2\/posts\/6945"}],"collection":[{"href":"https:\/\/www.lodelmomentoloja.com\/index.php?rest_route=\/wp\/v2\/posts"}],"about":[{"href":"https:\/\/www.lodelmomentoloja.com\/index.php?rest_route=\/wp\/v2\/types\/post"}],"author":[{"embeddable":true,"href":"https:\/\/www.lodelmomentoloja.com\/index.php?rest_route=\/wp\/v2\/users\/1"}],"replies":[{"embeddable":true,"href":"https:\/\/www.lodelmomentoloja.com\/index.php?rest_route=%2Fwp%2Fv2%2Fcomments&post=6945"}],"version-history":[{"count":1,"href":"https:\/\/www.lodelmomentoloja.com\/index.php?rest_route=\/wp\/v2\/posts\/6945\/revisions"}],"predecessor-version":[{"id":6947,"href":"https:\/\/www.lodelmomentoloja.com\/index.php?rest_route=\/wp\/v2\/posts\/6945\/revisions\/6947"}],"wp:featuredmedia":[{"embeddable":true,"href":"https:\/\/www.lodelmomentoloja.com\/index.php?rest_route=\/wp\/v2\/media\/6946"}],"wp:attachment":[{"href":"https:\/\/www.lodelmomentoloja.com\/index.php?rest_route=%2Fwp%2Fv2%2Fmedia&parent=6945"}],"wp:term":[{"taxonomy":"category","embeddable":true,"href":"https:\/\/www.lodelmomentoloja.com\/index.php?rest_route=%2Fwp%2Fv2%2Fcategories&post=6945"},{"taxonomy":"post_tag","embeddable":true,"href":"https:\/\/www.lodelmomentoloja.com\/index.php?rest_route=%2Fwp%2Fv2%2Ftags&post=6945"}],"curies":[{"name":"wp","href":"https:\/\/api.w.org\/{rel}","templated":true}]}}