{"id":6941,"date":"2021-12-17T13:34:08","date_gmt":"2021-12-17T13:34:08","guid":{"rendered":"https:\/\/www.lodelmomentoloja.com\/?p=6941"},"modified":"2021-12-29T20:05:53","modified_gmt":"2021-12-29T20:05:53","slug":"corea-del-norte-de-luto","status":"publish","type":"post","link":"https:\/\/www.lodelmomentoloja.com\/?p=6941","title":{"rendered":"Corea del Norte de Luto."},"content":{"rendered":"<div class=\"\" data-block=\"true\" data-editor=\"6ol0h\" data-offset-key=\"ftcn3-0-0\">\n<div class=\"_1mf _1mj\" data-offset-key=\"ftcn3-0-0\"><span class=\"diy96o5h\"><span data-offset-key=\"ftcn3-0-0\">#Internacional<\/span><\/span><span data-offset-key=\"ftcn3-1-0\"> | Corea del Norte conmemora el d\u00e9cimo aniversario de la muerte de Kim Jong-il.<\/span><\/div>\n<\/div>\n<div class=\"\" data-block=\"true\" data-editor=\"6ol0h\" data-offset-key=\"fm5bs-0-0\">\n<div class=\"_1mf _1mj\" data-offset-key=\"fm5bs-0-0\"><span data-offset-key=\"fm5bs-0-0\">\u00a0<\/span><\/div>\n<\/div>\n<div class=\"\" data-block=\"true\" data-editor=\"6ol0h\" data-offset-key=\"8ltu6-0-0\">\n<div class=\"_1mf _1mj\" data-offset-key=\"8ltu6-0-0\"><span data-offset-key=\"8ltu6-0-0\">Los 10 a\u00f1os de la llegada al poder de Kim Jong-un no son un motivo para festejar en Corea del Norte, ya que la fecha tambi\u00e9n recuerda el d\u00e9cimo aniversario de la muerte de su padre, Kim Jong-il, lo que implica un duelo generalizado en el pa\u00eds, incluso m\u00e1s extenso que en conmemoraciones anteriores.<\/span><\/div>\n<\/div>\n<div class=\"\" data-block=\"true\" data-editor=\"6ol0h\" data-offset-key=\"ci8hu-0-0\">\n<div class=\"_1mf _1mj\" data-offset-key=\"ci8hu-0-0\"><span data-offset-key=\"ci8hu-0-0\">\u00a0<\/span><\/div>\n<\/div>\n<div class=\"\" data-block=\"true\" data-editor=\"6ol0h\" data-offset-key=\"8nk6j-0-0\">\n<div class=\"_1mf _1mj\" data-offset-key=\"8nk6j-0-0\"><span data-offset-key=\"8nk6j-0-0\">En ese marco, las autoridades de la dictadura comunista ordenaron a la ciudadan\u00eda que no muestre ning\u00fan tipo de felicidad o se\u00f1al de alegr\u00eda en el per\u00edodo de luto.<\/span><\/div>\n<\/div>\n<div class=\"\" data-block=\"true\" data-editor=\"6ol0h\" data-offset-key=\"8lses-0-0\">\n<div class=\"_1mf _1mj\" data-offset-key=\"8lses-0-0\"><span data-offset-key=\"8lses-0-0\">\u00a0<\/span><\/div>\n<\/div>\n<div class=\"\" data-block=\"true\" data-editor=\"6ol0h\" data-offset-key=\"c43jh-0-0\">\n<div class=\"_1mf _1mj\" data-offset-key=\"c43jh-0-0\"><span data-offset-key=\"c43jh-0-0\">Seg\u00fan informaron fuentes norcoreanas a la Radio Free Asia (RFA), las personas tienen prohibido re\u00edr, beber alcohol o realizar actividades de ocio que puedan denotar un acto de festejo o esparcimiento.<\/span><\/div>\n<\/div>\n<div class=\"\" data-block=\"true\" data-editor=\"6ol0h\" data-offset-key=\"davco-0-0\">\n<div class=\"_1mf _1mj\" data-offset-key=\"davco-0-0\"><span data-offset-key=\"davco-0-0\">\u00a0<\/span><\/div>\n<\/div>\n<div class=\"\" data-block=\"true\" data-editor=\"6ol0h\" data-offset-key=\"9q34k-0-0\">\n<div class=\"_1mf _1mj\" data-offset-key=\"9q34k-0-0\"><span data-offset-key=\"9q34k-0-0\">Habitualmente, los per\u00edodos de duelo duran una semana, pero al cumplirse 10 a\u00f1os del fallecimiento de Kim Jong-il, la conmemoraci\u00f3n tendr\u00e1 un plazo de 11 d\u00edas.<\/span><\/div>\n<\/div>\n<div class=\"\" data-block=\"true\" data-editor=\"6ol0h\" data-offset-key=\"51h7l-0-0\">\n<div class=\"_1mf _1mj\" data-offset-key=\"51h7l-0-0\"><span data-offset-key=\"51h7l-0-0\">\u00a0<\/span><\/div>\n<\/div>\n<div class=\"\" data-block=\"true\" data-editor=\"6ol0h\" data-offset-key=\"bdcea-0-0\">\n<div class=\"_1mf _1mj\" data-offset-key=\"bdcea-0-0\"><span class=\"py34i1dx\"><span data-offset-key=\"bdcea-0-0\">www.lodelmomentoloja.com<\/span><\/span><\/div>\n<\/div>\n<div class=\"\" data-block=\"true\" data-editor=\"6ol0h\" data-offset-key=\"2srk6-0-0\">\n<div class=\"_1mf _1mj\" data-offset-key=\"2srk6-0-0\"><span class=\"diy96o5h\"><span data-offset-key=\"2srk6-0-0\">#LDMnoticias<\/span><\/span> <span class=\"diy96o5h\"><span data-offset-key=\"2srk6-2-0\">#lodelmomentolojaLDM<\/span><\/span><\/div>\n<\/div>\n","protected":false},"excerpt":{"rendered":"<p>#Internacional | Corea del Norte conmemora el d\u00e9cimo aniversario de la muerte de Kim Jong-il&#8230;.<\/p>\n","protected":false},"author":1,"featured_media":6939,"comment_status":"open","ping_status":"open","sticky":false,"template":"","format":"standard","meta":{"footnotes":""},"categories":[4],"tags":[],"class_list":["post-6941","post","type-post","status-publish","format-standard","has-post-thumbnail","hentry","category-internacional"],"_links":{"self":[{"href":"https:\/\/www.lodelmomentoloja.com\/index.php?rest_route=\/wp\/v2\/posts\/6941"}],"collection":[{"href":"https:\/\/www.lodelmomentoloja.com\/index.php?rest_route=\/wp\/v2\/posts"}],"about":[{"href":"https:\/\/www.lodelmomentoloja.com\/index.php?rest_route=\/wp\/v2\/types\/post"}],"author":[{"embeddable":true,"href":"https:\/\/www.lodelmomentoloja.com\/index.php?rest_route=\/wp\/v2\/users\/1"}],"replies":[{"embeddable":true,"href":"https:\/\/www.lodelmomentoloja.com\/index.php?rest_route=%2Fwp%2Fv2%2Fcomments&post=6941"}],"version-history":[{"count":1,"href":"https:\/\/www.lodelmomentoloja.com\/index.php?rest_route=\/wp\/v2\/posts\/6941\/revisions"}],"predecessor-version":[{"id":6942,"href":"https:\/\/www.lodelmomentoloja.com\/index.php?rest_route=\/wp\/v2\/posts\/6941\/revisions\/6942"}],"wp:featuredmedia":[{"embeddable":true,"href":"https:\/\/www.lodelmomentoloja.com\/index.php?rest_route=\/wp\/v2\/media\/6939"}],"wp:attachment":[{"href":"https:\/\/www.lodelmomentoloja.com\/index.php?rest_route=%2Fwp%2Fv2%2Fmedia&parent=6941"}],"wp:term":[{"taxonomy":"category","embeddable":true,"href":"https:\/\/www.lodelmomentoloja.com\/index.php?rest_route=%2Fwp%2Fv2%2Fcategories&post=6941"},{"taxonomy":"post_tag","embeddable":true,"href":"https:\/\/www.lodelmomentoloja.com\/index.php?rest_route=%2Fwp%2Fv2%2Ftags&post=6941"}],"curies":[{"name":"wp","href":"https:\/\/api.w.org\/{rel}","templated":true}]}}