{"id":6930,"date":"2021-12-17T09:22:00","date_gmt":"2021-12-17T09:22:00","guid":{"rendered":"https:\/\/www.lodelmomentoloja.com\/?p=6930"},"modified":"2021-12-29T20:05:45","modified_gmt":"2021-12-29T20:05:45","slug":"zaruma-declarado-en-estado-de-excepcion","status":"publish","type":"post","link":"https:\/\/www.lodelmomentoloja.com\/?p=6930","title":{"rendered":"Zaruma declarado en estado de excepci\u00f3n."},"content":{"rendered":"<div class=\"\" data-block=\"true\" data-editor=\"81nt6\" data-offset-key=\"8b0l1-0-0\">\n<div class=\"_1mf _1mj\" data-offset-key=\"8b0l1-0-0\"><span class=\"diy96o5h\"><span data-offset-key=\"8b0l1-0-0\">#Ecuador<\/span><\/span><span data-offset-key=\"8b0l1-1-0\"> | El primer mandatario, Guillermo Lasso, acudi\u00f3 al centro de Zaruma donde la noche del mi\u00e9rcoles 15 de diciembre tres viviendas se vieron afectadas por un socav\u00f3n provocado por la miner\u00eda ilegal. <\/span><\/div>\n<\/div>\n<div class=\"\" data-block=\"true\" data-editor=\"81nt6\" data-offset-key=\"1ml6p-0-0\">\n<div class=\"_1mf _1mj\" data-offset-key=\"1ml6p-0-0\"><span data-offset-key=\"1ml6p-0-0\">\u00a0<\/span><\/div>\n<\/div>\n<div class=\"\" data-block=\"true\" data-editor=\"81nt6\" data-offset-key=\"abu0j-0-0\">\n<div class=\"_1mf _1mj\" data-offset-key=\"abu0j-0-0\"><span data-offset-key=\"abu0j-0-0\">Despu\u00e9s de un recorrido por la zona perjudicada, con t\u00e9cnicos especialistas y las autoridades pertinentes, se resolvi\u00f3 declarar en estado de excepci\u00f3n al cant\u00f3n Zaruma, en la provincia de El oro.<\/span><\/div>\n<\/div>\n<div class=\"\" data-block=\"true\" data-editor=\"81nt6\" data-offset-key=\"9k7t1-0-0\">\n<div class=\"_1mf _1mj\" data-offset-key=\"9k7t1-0-0\"><span data-offset-key=\"9k7t1-0-0\">\u00a0<\/span><\/div>\n<\/div>\n<div class=\"\" data-block=\"true\" data-editor=\"81nt6\" data-offset-key=\"fd7c0-0-0\">\n<div class=\"_1mf _1mj\" data-offset-key=\"fd7c0-0-0\"><span data-offset-key=\"fd7c0-0-0\">La firma del estado de excepci\u00f3n tendr\u00e1 una duraci\u00f3n de 90 d\u00edas.<\/span><\/div>\n<\/div>\n<div class=\"\" data-block=\"true\" data-editor=\"81nt6\" data-offset-key=\"100u7-0-0\">\n<div class=\"_1mf _1mj\" data-offset-key=\"100u7-0-0\"><span data-offset-key=\"100u7-0-0\">\u00a0<\/span><\/div>\n<\/div>\n<div class=\"\" data-block=\"true\" data-editor=\"81nt6\" data-offset-key=\"ddfb2-0-0\">\n<div class=\"_1mf _1mj\" data-offset-key=\"ddfb2-0-0\"><span data-offset-key=\"ddfb2-0-0\">Adem\u00e1s el Jefe de Estado expres\u00f3 su solidaridad con los pobladores y lament\u00f3 el irrespeto a la zona de exclusi\u00f3n de la localidad por parte de grupos dedicados a actividades de miner\u00eda ilegal.<\/span><\/div>\n<\/div>\n<div class=\"\" data-block=\"true\" data-editor=\"81nt6\" data-offset-key=\"e10al-0-0\">\n<div class=\"_1mf _1mj\" data-offset-key=\"e10al-0-0\"><span data-offset-key=\"e10al-0-0\">\u00a0<\/span><\/div>\n<\/div>\n<div class=\"\" data-block=\"true\" data-editor=\"81nt6\" data-offset-key=\"ed6r0-0-0\">\n<div class=\"_1mf _1mj\" data-offset-key=\"ed6r0-0-0\"><span class=\"py34i1dx\"><span data-offset-key=\"ed6r0-0-0\">www.lodelmomentoloja.com<\/span><\/span><\/div>\n<\/div>\n<div class=\"\" data-block=\"true\" data-editor=\"81nt6\" data-offset-key=\"7b794-0-0\">\n<div class=\"_1mf _1mj\" data-offset-key=\"7b794-0-0\"><span class=\"diy96o5h\"><span data-offset-key=\"7b794-0-0\">#LDMnoticias<\/span><\/span> <span class=\"diy96o5h\"><span data-offset-key=\"7b794-2-0\">#lodelmomentolojaLDM<\/span><\/span><\/div>\n<\/div>\n","protected":false},"excerpt":{"rendered":"<p>#Ecuador | El primer mandatario, Guillermo Lasso, acudi\u00f3 al centro de Zaruma donde la noche&#8230;<\/p>\n","protected":false},"author":1,"featured_media":6931,"comment_status":"open","ping_status":"open","sticky":false,"template":"","format":"standard","meta":{"footnotes":""},"categories":[7],"tags":[],"class_list":["post-6930","post","type-post","status-publish","format-standard","has-post-thumbnail","hentry","category-ecuador"],"_links":{"self":[{"href":"https:\/\/www.lodelmomentoloja.com\/index.php?rest_route=\/wp\/v2\/posts\/6930"}],"collection":[{"href":"https:\/\/www.lodelmomentoloja.com\/index.php?rest_route=\/wp\/v2\/posts"}],"about":[{"href":"https:\/\/www.lodelmomentoloja.com\/index.php?rest_route=\/wp\/v2\/types\/post"}],"author":[{"embeddable":true,"href":"https:\/\/www.lodelmomentoloja.com\/index.php?rest_route=\/wp\/v2\/users\/1"}],"replies":[{"embeddable":true,"href":"https:\/\/www.lodelmomentoloja.com\/index.php?rest_route=%2Fwp%2Fv2%2Fcomments&post=6930"}],"version-history":[{"count":1,"href":"https:\/\/www.lodelmomentoloja.com\/index.php?rest_route=\/wp\/v2\/posts\/6930\/revisions"}],"predecessor-version":[{"id":6932,"href":"https:\/\/www.lodelmomentoloja.com\/index.php?rest_route=\/wp\/v2\/posts\/6930\/revisions\/6932"}],"wp:featuredmedia":[{"embeddable":true,"href":"https:\/\/www.lodelmomentoloja.com\/index.php?rest_route=\/wp\/v2\/media\/6931"}],"wp:attachment":[{"href":"https:\/\/www.lodelmomentoloja.com\/index.php?rest_route=%2Fwp%2Fv2%2Fmedia&parent=6930"}],"wp:term":[{"taxonomy":"category","embeddable":true,"href":"https:\/\/www.lodelmomentoloja.com\/index.php?rest_route=%2Fwp%2Fv2%2Fcategories&post=6930"},{"taxonomy":"post_tag","embeddable":true,"href":"https:\/\/www.lodelmomentoloja.com\/index.php?rest_route=%2Fwp%2Fv2%2Ftags&post=6930"}],"curies":[{"name":"wp","href":"https:\/\/api.w.org\/{rel}","templated":true}]}}