{"id":6924,"date":"2021-12-16T16:00:31","date_gmt":"2021-12-16T16:00:31","guid":{"rendered":"https:\/\/www.lodelmomentoloja.com\/?p=6924"},"modified":"2021-12-29T20:02:17","modified_gmt":"2021-12-29T20:02:17","slug":"entregan-ayuda-a-grupos-vulnerables-de-loja","status":"publish","type":"post","link":"https:\/\/www.lodelmomentoloja.com\/?p=6924","title":{"rendered":"Entregan ayuda a grupos vulnerables de Loja"},"content":{"rendered":"<p>Hasta el Coliseo Ciudad de Loja, arrib\u00f3 el ministro de Inclusi\u00f3n Econ\u00f3mica y Social Esteban Bernal, con la finalidad de entregar ayudas humanitarias que permitan en cierta parte, combatir la mendicidad y el trabajo infantil de los sectores vulnerables de Loja. En esta entrega estuvieron las principales autoridades de la provincia como Mario Mancino Gobernador de Loja, Rafael D\u00e1vila Prefecto de Loja, Jorge Bail\u00f3n Alcalde de Loja y delegados provinciales del MIES, entregando unos mil kits de alimentos, calzado, vestimenta y juguetes.<\/p>\n<p>Esta actividad fue realizada de forma conjunta con los representantes de las instituciones antes mencionadas.<\/p>\n<p>&nbsp;<\/p>\n<p><img loading=\"lazy\" decoding=\"async\" class=\"alignnone wp-image-6925 \" src=\"http:\/\/www.lodelmomentoloja.com\/wp-content\/uploads\/2021\/12\/qwertyu-1024x345.jpg\" alt=\"\" width=\"963\" height=\"325\" srcset=\"https:\/\/www.lodelmomentoloja.com\/wp-content\/uploads\/2021\/12\/qwertyu-1024x345.jpg 1024w, https:\/\/www.lodelmomentoloja.com\/wp-content\/uploads\/2021\/12\/qwertyu-300x101.jpg 300w, https:\/\/www.lodelmomentoloja.com\/wp-content\/uploads\/2021\/12\/qwertyu-768x259.jpg 768w, https:\/\/www.lodelmomentoloja.com\/wp-content\/uploads\/2021\/12\/qwertyu-640x216.jpg 640w, https:\/\/www.lodelmomentoloja.com\/wp-content\/uploads\/2021\/12\/qwertyu-1536x518.jpg 1536w, https:\/\/www.lodelmomentoloja.com\/wp-content\/uploads\/2021\/12\/qwertyu.jpg 2048w\" sizes=\"(max-width: 963px) 100vw, 963px\" \/><\/p>\n<p>&nbsp;<\/p>\n<p><em>S\u00edguenos #LDMnoticias \u00f3 #lodelmomentolojaLDM<\/em><\/p>\n","protected":false},"excerpt":{"rendered":"<p>Hasta el Coliseo Ciudad de Loja, arrib\u00f3 el ministro de Inclusi\u00f3n Econ\u00f3mica y Social Esteban&#8230;<\/p>\n","protected":false},"author":1,"featured_media":6926,"comment_status":"open","ping_status":"open","sticky":false,"template":"","format":"standard","meta":{"footnotes":""},"categories":[1,5],"tags":[],"class_list":["post-6924","post","type-post","status-publish","format-standard","has-post-thumbnail","hentry","category-inicio","category-loja"],"_links":{"self":[{"href":"https:\/\/www.lodelmomentoloja.com\/index.php?rest_route=\/wp\/v2\/posts\/6924"}],"collection":[{"href":"https:\/\/www.lodelmomentoloja.com\/index.php?rest_route=\/wp\/v2\/posts"}],"about":[{"href":"https:\/\/www.lodelmomentoloja.com\/index.php?rest_route=\/wp\/v2\/types\/post"}],"author":[{"embeddable":true,"href":"https:\/\/www.lodelmomentoloja.com\/index.php?rest_route=\/wp\/v2\/users\/1"}],"replies":[{"embeddable":true,"href":"https:\/\/www.lodelmomentoloja.com\/index.php?rest_route=%2Fwp%2Fv2%2Fcomments&post=6924"}],"version-history":[{"count":1,"href":"https:\/\/www.lodelmomentoloja.com\/index.php?rest_route=\/wp\/v2\/posts\/6924\/revisions"}],"predecessor-version":[{"id":6927,"href":"https:\/\/www.lodelmomentoloja.com\/index.php?rest_route=\/wp\/v2\/posts\/6924\/revisions\/6927"}],"wp:featuredmedia":[{"embeddable":true,"href":"https:\/\/www.lodelmomentoloja.com\/index.php?rest_route=\/wp\/v2\/media\/6926"}],"wp:attachment":[{"href":"https:\/\/www.lodelmomentoloja.com\/index.php?rest_route=%2Fwp%2Fv2%2Fmedia&parent=6924"}],"wp:term":[{"taxonomy":"category","embeddable":true,"href":"https:\/\/www.lodelmomentoloja.com\/index.php?rest_route=%2Fwp%2Fv2%2Fcategories&post=6924"},{"taxonomy":"post_tag","embeddable":true,"href":"https:\/\/www.lodelmomentoloja.com\/index.php?rest_route=%2Fwp%2Fv2%2Ftags&post=6924"}],"curies":[{"name":"wp","href":"https:\/\/api.w.org\/{rel}","templated":true}]}}