{"id":6889,"date":"2021-12-16T12:55:35","date_gmt":"2021-12-16T12:55:35","guid":{"rendered":"https:\/\/www.lodelmomentoloja.com\/?p=6889"},"modified":"2021-12-29T20:02:22","modified_gmt":"2021-12-29T20:02:22","slug":"abdala-y-jacobo-bucaram-llamados-a-juicio","status":"publish","type":"post","link":"https:\/\/www.lodelmomentoloja.com\/?p=6889","title":{"rendered":"Abdal\u00e1 y Jacobo Bucaram llamados a juicio."},"content":{"rendered":"<div class=\"\" data-block=\"true\" data-editor=\"1clmf\" data-offset-key=\"3mp1k-0-0\">\n<div class=\"_1mf _1mj\" data-offset-key=\"3mp1k-0-0\"><span class=\"diy96o5h\"><span data-offset-key=\"3mp1k-0-0\">#Ecuador<\/span><\/span><span data-offset-key=\"3mp1k-1-0\"> | Llaman a juicio a <\/span><span data-offset-key=\"3mp1k-2-0\">Abdal\u00e1<\/span><span data-offset-key=\"3mp1k-3-0\"> y a Jacobo Bucaram por delincuencia organizada.<\/span><\/div>\n<\/div>\n<div class=\"\" data-block=\"true\" data-editor=\"1clmf\" data-offset-key=\"b4qhu-0-0\">\n<div class=\"_1mf _1mj\" data-offset-key=\"b4qhu-0-0\"><span data-offset-key=\"b4qhu-0-0\">\u00a0<\/span><\/div>\n<\/div>\n<div class=\"\" data-block=\"true\" data-editor=\"1clmf\" data-offset-key=\"9n9s9-0-0\">\n<div class=\"_1mf _1mj\" data-offset-key=\"9n9s9-0-0\"><span data-offset-key=\"9n9s9-0-0\">El Tribunal de la Corte de Justicia de Pichincha acept\u00f3, la noche del 15 de diciembre de 2021, el recurso de apelaci\u00f3n presentado por la Fiscal\u00eda y llam\u00f3 a juicio al expresidente Abdal\u00e1 Bucaram y a su hijo Jacobo por delincuencia organizada.<\/span><\/div>\n<\/div>\n<div class=\"\" data-block=\"true\" data-editor=\"1clmf\" data-offset-key=\"1cdo2-0-0\">\n<div class=\"_1mf _1mj\" data-offset-key=\"1cdo2-0-0\"><span data-offset-key=\"1cdo2-0-0\">\u00a0<\/span><\/div>\n<\/div>\n<div class=\"\" data-block=\"true\" data-editor=\"1clmf\" data-offset-key=\"c4j1f-0-0\">\n<div class=\"_1mf _1mj\" data-offset-key=\"c4j1f-0-0\"><span data-offset-key=\"c4j1f-0-0\">Ambos son parte del proceso de negociaci\u00f3n de 21.000 pruebas r\u00e1pidas para detectar el Covid-19, entre marzo y junio de 2020, durante la emergencia sanitaria por la pandemia.<\/span><\/div>\n<\/div>\n<div class=\"\" data-block=\"true\" data-editor=\"1clmf\" data-offset-key=\"apkv5-0-0\">\n<div class=\"_1mf _1mj\" data-offset-key=\"apkv5-0-0\"><span data-offset-key=\"apkv5-0-0\">\u00a0<\/span><\/div>\n<\/div>\n<div class=\"\" data-block=\"true\" data-editor=\"1clmf\" data-offset-key=\"21dqu-0-0\">\n<div class=\"_1mf _1mj\" data-offset-key=\"21dqu-0-0\"><span data-offset-key=\"21dqu-0-0\">En este mismo proceso, el Tribunal tambi\u00e9n ratific\u00f3 la inocencia de Bryan P. y Ver\u00f3nica A.<\/span><\/div>\n<\/div>\n<div class=\"\" data-block=\"true\" data-editor=\"1clmf\" data-offset-key=\"2d9j4-0-0\">\n<div class=\"_1mf _1mj\" data-offset-key=\"2d9j4-0-0\"><span data-offset-key=\"2d9j4-0-0\">\u00a0<\/span><\/div>\n<\/div>\n<div class=\"\" data-block=\"true\" data-editor=\"1clmf\" data-offset-key=\"dsdtt-0-0\">\n<div class=\"_1mf _1mj\" data-offset-key=\"dsdtt-0-0\"><span class=\"py34i1dx\"><span data-offset-key=\"dsdtt-0-0\">www.lodelmomentoloja.com<\/span><\/span><\/div>\n<\/div>\n<div class=\"\" data-block=\"true\" data-editor=\"1clmf\" data-offset-key=\"eb0c8-0-0\">\n<div class=\"_1mf _1mj\" data-offset-key=\"eb0c8-0-0\"><span class=\"diy96o5h\"><span data-offset-key=\"eb0c8-0-0\">#LDMnoticias<\/span><\/span> <span class=\"diy96o5h\"><span data-offset-key=\"eb0c8-2-0\">#lodelmomentolojaLDM<\/span><\/span><\/div>\n<\/div>\n","protected":false},"excerpt":{"rendered":"<p>#Ecuador | Llaman a juicio a Abdal\u00e1 y a Jacobo Bucaram por delincuencia organizada. \u00a0&#8230;<\/p>\n","protected":false},"author":1,"featured_media":6887,"comment_status":"open","ping_status":"open","sticky":false,"template":"","format":"standard","meta":{"footnotes":""},"categories":[7],"tags":[],"class_list":["post-6889","post","type-post","status-publish","format-standard","has-post-thumbnail","hentry","category-ecuador"],"_links":{"self":[{"href":"https:\/\/www.lodelmomentoloja.com\/index.php?rest_route=\/wp\/v2\/posts\/6889"}],"collection":[{"href":"https:\/\/www.lodelmomentoloja.com\/index.php?rest_route=\/wp\/v2\/posts"}],"about":[{"href":"https:\/\/www.lodelmomentoloja.com\/index.php?rest_route=\/wp\/v2\/types\/post"}],"author":[{"embeddable":true,"href":"https:\/\/www.lodelmomentoloja.com\/index.php?rest_route=\/wp\/v2\/users\/1"}],"replies":[{"embeddable":true,"href":"https:\/\/www.lodelmomentoloja.com\/index.php?rest_route=%2Fwp%2Fv2%2Fcomments&post=6889"}],"version-history":[{"count":1,"href":"https:\/\/www.lodelmomentoloja.com\/index.php?rest_route=\/wp\/v2\/posts\/6889\/revisions"}],"predecessor-version":[{"id":6890,"href":"https:\/\/www.lodelmomentoloja.com\/index.php?rest_route=\/wp\/v2\/posts\/6889\/revisions\/6890"}],"wp:featuredmedia":[{"embeddable":true,"href":"https:\/\/www.lodelmomentoloja.com\/index.php?rest_route=\/wp\/v2\/media\/6887"}],"wp:attachment":[{"href":"https:\/\/www.lodelmomentoloja.com\/index.php?rest_route=%2Fwp%2Fv2%2Fmedia&parent=6889"}],"wp:term":[{"taxonomy":"category","embeddable":true,"href":"https:\/\/www.lodelmomentoloja.com\/index.php?rest_route=%2Fwp%2Fv2%2Fcategories&post=6889"},{"taxonomy":"post_tag","embeddable":true,"href":"https:\/\/www.lodelmomentoloja.com\/index.php?rest_route=%2Fwp%2Fv2%2Ftags&post=6889"}],"curies":[{"name":"wp","href":"https:\/\/api.w.org\/{rel}","templated":true}]}}