{"id":6847,"date":"2021-12-14T14:56:19","date_gmt":"2021-12-14T14:56:19","guid":{"rendered":"https:\/\/www.lodelmomentoloja.com\/?p=6847"},"modified":"2021-12-29T19:56:30","modified_gmt":"2021-12-29T19:56:30","slug":"pasillo-ecuatoriano-es-declarado-patrimonio-cultural-inmaterial-por-la-unesco","status":"publish","type":"post","link":"https:\/\/www.lodelmomentoloja.com\/?p=6847","title":{"rendered":"Pasillo ecuatoriano es declarado Patrimonio Cultural Inmaterial por la UNESCO"},"content":{"rendered":"<div class=\"\" data-block=\"true\" data-editor=\"7fcft\" data-offset-key=\"49rit-0-0\">\n<div class=\"_1mf _1mj\" data-offset-key=\"49rit-0-0\"><span class=\"diy96o5h\"><span data-offset-key=\"49rit-0-0\">#Internacional<\/span><\/span><span data-offset-key=\"49rit-1-0\"> | D\u00eda hist\u00f3rico para la m\u00fasica Ecuatoriana.<\/span><\/div>\n<\/div>\n<div class=\"\" data-block=\"true\" data-editor=\"7fcft\" data-offset-key=\"7qmuq-0-0\">\n<div class=\"_1mf _1mj\" data-offset-key=\"7qmuq-0-0\"><span data-offset-key=\"7qmuq-0-0\">\u00a0<\/span><\/div>\n<\/div>\n<div class=\"\" data-block=\"true\" data-editor=\"7fcft\" data-offset-key=\"4vcr8-0-0\">\n<div class=\"_1mf _1mj\" data-offset-key=\"4vcr8-0-0\"><span data-offset-key=\"4vcr8-0-0\">&#8220;&#8216;El Pasillo&#8217;, canto y poes\u00eda, acaba de ser inscrito en la lista del <\/span><span class=\"diy96o5h\"><span data-offset-key=\"4vcr8-1-0\">#PatrimonioInmaterial<\/span><\/span><span data-offset-key=\"4vcr8-2-0\">. \u00a1Felicidades <\/span><span class=\"diy96o5h\"><span data-offset-key=\"4vcr8-3-0\">#Ecuador<\/span><\/span><span data-offset-key=\"4vcr8-4-0\">!&#8221;, escribi\u00f3 la Unesco en Twitter.<\/span><\/div>\n<\/div>\n<div class=\"\" data-block=\"true\" data-editor=\"7fcft\" data-offset-key=\"7h6s-0-0\">\n<div class=\"_1mf _1mj\" data-offset-key=\"7h6s-0-0\"><span data-offset-key=\"7h6s-0-0\">\u00a0<\/span><\/div>\n<\/div>\n<div class=\"\" data-block=\"true\" data-editor=\"7fcft\" data-offset-key=\"91n53-0-0\">\n<div class=\"_1mf _1mj\" data-offset-key=\"91n53-0-0\"><span data-offset-key=\"91n53-0-0\">Con este nombramiento, el pa\u00eds sudamericano suma otra expresi\u00f3n cultural a la lista de manifestaciones patrimoniales. En 2015, junto a Colombia, logr\u00f3 que la marimba y los cantos y bailes tradicionales de la regi\u00f3n costera fronteriza tambi\u00e9n sean reconocidos.<\/span><\/div>\n<\/div>\n<div class=\"\" data-block=\"true\" data-editor=\"7fcft\" data-offset-key=\"af21s-0-0\">\n<div class=\"_1mf _1mj\" data-offset-key=\"af21s-0-0\"><span data-offset-key=\"af21s-0-0\">\u00a0<\/span><\/div>\n<\/div>\n<div class=\"\" data-block=\"true\" data-editor=\"7fcft\" data-offset-key=\"3i4vq-0-0\">\n<div class=\"_1mf _1mj\" data-offset-key=\"3i4vq-0-0\"><span data-offset-key=\"3i4vq-0-0\">El pasillo, que es considerado una variaci\u00f3n del vals que se toca en un comp\u00e1s de 3\/4, se produce en las andinas provincias de Pichincha (capital Quito), Azuay, Ca\u00f1ar, Loja y Chimborazo, y en las costeras Guayas, Manab\u00ed, El Oro y Los R\u00edos, seg\u00fan el ecuatoriano Instituto Nacional de Patrimonio Cutural (INPC).<\/span><\/div>\n<\/div>\n<div class=\"\" data-block=\"true\" data-editor=\"7fcft\" data-offset-key=\"4mq2b-0-0\">\n<div class=\"_1mf _1mj\" data-offset-key=\"4mq2b-0-0\"><span data-offset-key=\"4mq2b-0-0\">\u00a0<\/span><\/div>\n<\/div>\n<div class=\"\" data-block=\"true\" data-editor=\"7fcft\" data-offset-key=\"lgfm-0-0\">\n<div class=\"_1mf _1mj\" data-offset-key=\"lgfm-0-0\"><span data-offset-key=\"lgfm-0-0\">V\u00eda: NS.<\/span><\/div>\n<\/div>\n<div class=\"\" data-block=\"true\" data-editor=\"7fcft\" data-offset-key=\"f35td-0-0\">\n<div class=\"_1mf _1mj\" data-offset-key=\"f35td-0-0\"><span data-offset-key=\"f35td-0-0\">\u00a0<\/span><\/div>\n<\/div>\n<div class=\"\" data-block=\"true\" data-editor=\"7fcft\" data-offset-key=\"b4k07-0-0\">\n<div class=\"_1mf _1mj\" data-offset-key=\"b4k07-0-0\"><span class=\"py34i1dx\"><span data-offset-key=\"b4k07-0-0\">www.lodelmomentoloja.com<\/span><\/span><\/div>\n<\/div>\n<div class=\"\" data-block=\"true\" data-editor=\"7fcft\" data-offset-key=\"ehf4k-0-0\">\n<div class=\"_1mf _1mj\" data-offset-key=\"ehf4k-0-0\"><span class=\"diy96o5h\"><span data-offset-key=\"ehf4k-0-0\">#LDMnoticias<\/span><\/span> <span class=\"diy96o5h\"><span data-offset-key=\"ehf4k-2-0\">#lodelmomentolojaLDM<\/span><\/span><\/div>\n<\/div>\n","protected":false},"excerpt":{"rendered":"<p>#Internacional | D\u00eda hist\u00f3rico para la m\u00fasica Ecuatoriana. \u00a0 &#8220;&#8216;El Pasillo&#8217;, canto y poes\u00eda, acaba&#8230;<\/p>\n","protected":false},"author":1,"featured_media":6845,"comment_status":"open","ping_status":"open","sticky":false,"template":"","format":"standard","meta":{"footnotes":""},"categories":[7],"tags":[],"class_list":["post-6847","post","type-post","status-publish","format-standard","has-post-thumbnail","hentry","category-ecuador"],"_links":{"self":[{"href":"https:\/\/www.lodelmomentoloja.com\/index.php?rest_route=\/wp\/v2\/posts\/6847"}],"collection":[{"href":"https:\/\/www.lodelmomentoloja.com\/index.php?rest_route=\/wp\/v2\/posts"}],"about":[{"href":"https:\/\/www.lodelmomentoloja.com\/index.php?rest_route=\/wp\/v2\/types\/post"}],"author":[{"embeddable":true,"href":"https:\/\/www.lodelmomentoloja.com\/index.php?rest_route=\/wp\/v2\/users\/1"}],"replies":[{"embeddable":true,"href":"https:\/\/www.lodelmomentoloja.com\/index.php?rest_route=%2Fwp%2Fv2%2Fcomments&post=6847"}],"version-history":[{"count":1,"href":"https:\/\/www.lodelmomentoloja.com\/index.php?rest_route=\/wp\/v2\/posts\/6847\/revisions"}],"predecessor-version":[{"id":6848,"href":"https:\/\/www.lodelmomentoloja.com\/index.php?rest_route=\/wp\/v2\/posts\/6847\/revisions\/6848"}],"wp:featuredmedia":[{"embeddable":true,"href":"https:\/\/www.lodelmomentoloja.com\/index.php?rest_route=\/wp\/v2\/media\/6845"}],"wp:attachment":[{"href":"https:\/\/www.lodelmomentoloja.com\/index.php?rest_route=%2Fwp%2Fv2%2Fmedia&parent=6847"}],"wp:term":[{"taxonomy":"category","embeddable":true,"href":"https:\/\/www.lodelmomentoloja.com\/index.php?rest_route=%2Fwp%2Fv2%2Fcategories&post=6847"},{"taxonomy":"post_tag","embeddable":true,"href":"https:\/\/www.lodelmomentoloja.com\/index.php?rest_route=%2Fwp%2Fv2%2Ftags&post=6847"}],"curies":[{"name":"wp","href":"https:\/\/api.w.org\/{rel}","templated":true}]}}