{"id":6832,"date":"2021-12-14T09:08:44","date_gmt":"2021-12-14T09:08:44","guid":{"rendered":"https:\/\/www.lodelmomentoloja.com\/?p=6832"},"modified":"2021-12-29T19:56:39","modified_gmt":"2021-12-29T19:56:39","slug":"aumento-de-25-al-sbu-en-ecuador","status":"publish","type":"post","link":"https:\/\/www.lodelmomentoloja.com\/?p=6832","title":{"rendered":"Aumento de $25 al SBU en Ecuador."},"content":{"rendered":"<div class=\"\" data-block=\"true\" data-editor=\"8n5gm\" data-offset-key=\"45fm5-0-0\">\n<div class=\"_1mf _1mj\" data-offset-key=\"45fm5-0-0\"><span class=\"_5zk7\" spellcheck=\"false\" data-offset-key=\"45fm5-0-0\"><span data-offset-key=\"45fm5-0-0\">#Ecuador<\/span><\/span><span data-offset-key=\"45fm5-1-0\"> | Gobierno de Ecuador anuncia aumento de 25 d\u00f3lares al salario b\u00e1sico 2022.<\/span><\/div>\n<\/div>\n<div class=\"\" data-block=\"true\" data-editor=\"8n5gm\" data-offset-key=\"chcur-0-0\">\n<div class=\"_1mf _1mj\" data-offset-key=\"chcur-0-0\"><span data-offset-key=\"chcur-0-0\">\u00a0<\/span><\/div>\n<\/div>\n<div class=\"\" data-block=\"true\" data-editor=\"8n5gm\" data-offset-key=\"dn2qm-0-0\">\n<div class=\"_1mf _1mj\" data-offset-key=\"dn2qm-0-0\"><span data-offset-key=\"dn2qm-0-0\">El mandatario emiti\u00f3 el decreto 286 donde dispuso al ministro de Trabajo poner en consideraci\u00f3n del Consejo la fijaci\u00f3n del salario b\u00e1sico de 425 d\u00f3lares mensuales del salario b\u00e1sico unificado (m\u00ednimo), a partir del 1 de enero del 2022.<\/span><\/div>\n<\/div>\n<div class=\"\" data-block=\"true\" data-editor=\"8n5gm\" data-offset-key=\"efd5d-0-0\">\n<div class=\"_1mf _1mj\" data-offset-key=\"efd5d-0-0\"><span data-offset-key=\"efd5d-0-0\">\u00a0<\/span><\/div>\n<\/div>\n<div class=\"\" data-block=\"true\" data-editor=\"8n5gm\" data-offset-key=\"25h6a-0-0\">\n<div class=\"_1mf _1mj\" data-offset-key=\"25h6a-0-0\"><span data-offset-key=\"25h6a-0-0\">En un mensaje audiovisual difundido este lunes, Lasso cumpli\u00f3 su oferta de elevar en 100 d\u00f3lares el salario b\u00e1sico en sus cuatro a\u00f1os de administraci\u00f3n, lo que supone 25 d\u00f3lares cada a\u00f1o.<\/span><\/div>\n<\/div>\n<div class=\"\" data-block=\"true\" data-editor=\"8n5gm\" data-offset-key=\"ategg-0-0\">\n<div class=\"_1mf _1mj\" data-offset-key=\"ategg-0-0\"><span data-offset-key=\"ategg-0-0\">\u00a0<\/span><\/div>\n<\/div>\n<div class=\"\" data-block=\"true\" data-editor=\"8n5gm\" data-offset-key=\"d2es7-0-0\">\n<div class=\"_1mf _1mj\" data-offset-key=\"d2es7-0-0\"><span data-offset-key=\"d2es7-0-0\">&#8220;Los primeros en recibir los frutos del despegue (econ\u00f3mico) deben ser quienes m\u00e1s sufrieron la crisis y la enfermedad&#8221;, a\u00f1adi\u00f3 Lasso en referencia a la pandemia por la covid-19.<\/span><\/div>\n<\/div>\n<div class=\"\" data-block=\"true\" data-editor=\"8n5gm\" data-offset-key=\"2f04l-0-0\">\n<div class=\"_1mf _1mj\" data-offset-key=\"2f04l-0-0\"><span data-offset-key=\"2f04l-0-0\">\u00a0<\/span><\/div>\n<\/div>\n<div class=\"\" data-block=\"true\" data-editor=\"8n5gm\" data-offset-key=\"1fgaq-0-0\">\n<div class=\"_1mf _1mj\" data-offset-key=\"1fgaq-0-0\"><span data-offset-key=\"1fgaq-0-0\">www.lodelmomentoloja.com<\/span><\/div>\n<\/div>\n<div class=\"\" data-block=\"true\" data-editor=\"8n5gm\" data-offset-key=\"f1eoc-0-0\">\n<div class=\"_1mf _1mj\" data-offset-key=\"f1eoc-0-0\"><span class=\"_5zk7\" spellcheck=\"false\" data-offset-key=\"f1eoc-0-0\"><span data-offset-key=\"f1eoc-0-0\">#LDMnoticias<\/span><\/span> <span class=\"_5zk7\" spellcheck=\"false\" data-offset-key=\"f1eoc-2-0\"><span data-offset-key=\"f1eoc-2-0\">#lodelmomentolojaLDM<\/span><\/span><\/div>\n<\/div>\n","protected":false},"excerpt":{"rendered":"<p>#Ecuador | Gobierno de Ecuador anuncia aumento de 25 d\u00f3lares al salario b\u00e1sico 2022. \u00a0&#8230;<\/p>\n","protected":false},"author":1,"featured_media":6830,"comment_status":"open","ping_status":"open","sticky":false,"template":"","format":"standard","meta":{"footnotes":""},"categories":[7],"tags":[],"class_list":["post-6832","post","type-post","status-publish","format-standard","has-post-thumbnail","hentry","category-ecuador"],"_links":{"self":[{"href":"https:\/\/www.lodelmomentoloja.com\/index.php?rest_route=\/wp\/v2\/posts\/6832"}],"collection":[{"href":"https:\/\/www.lodelmomentoloja.com\/index.php?rest_route=\/wp\/v2\/posts"}],"about":[{"href":"https:\/\/www.lodelmomentoloja.com\/index.php?rest_route=\/wp\/v2\/types\/post"}],"author":[{"embeddable":true,"href":"https:\/\/www.lodelmomentoloja.com\/index.php?rest_route=\/wp\/v2\/users\/1"}],"replies":[{"embeddable":true,"href":"https:\/\/www.lodelmomentoloja.com\/index.php?rest_route=%2Fwp%2Fv2%2Fcomments&post=6832"}],"version-history":[{"count":1,"href":"https:\/\/www.lodelmomentoloja.com\/index.php?rest_route=\/wp\/v2\/posts\/6832\/revisions"}],"predecessor-version":[{"id":6833,"href":"https:\/\/www.lodelmomentoloja.com\/index.php?rest_route=\/wp\/v2\/posts\/6832\/revisions\/6833"}],"wp:featuredmedia":[{"embeddable":true,"href":"https:\/\/www.lodelmomentoloja.com\/index.php?rest_route=\/wp\/v2\/media\/6830"}],"wp:attachment":[{"href":"https:\/\/www.lodelmomentoloja.com\/index.php?rest_route=%2Fwp%2Fv2%2Fmedia&parent=6832"}],"wp:term":[{"taxonomy":"category","embeddable":true,"href":"https:\/\/www.lodelmomentoloja.com\/index.php?rest_route=%2Fwp%2Fv2%2Fcategories&post=6832"},{"taxonomy":"post_tag","embeddable":true,"href":"https:\/\/www.lodelmomentoloja.com\/index.php?rest_route=%2Fwp%2Fv2%2Ftags&post=6832"}],"curies":[{"name":"wp","href":"https:\/\/api.w.org\/{rel}","templated":true}]}}