{"id":6821,"date":"2021-12-13T10:30:46","date_gmt":"2021-12-13T10:30:46","guid":{"rendered":"https:\/\/www.lodelmomentoloja.com\/?p=6821"},"modified":"2021-12-29T19:54:46","modified_gmt":"2021-12-29T19:54:46","slug":"primera-muerte-por-omicron","status":"publish","type":"post","link":"https:\/\/www.lodelmomentoloja.com\/?p=6821","title":{"rendered":"Primera muerte por OMICRON"},"content":{"rendered":"<div class=\"kvgmc6g5 cxmmr5t8 oygrvhab hcukyx3x c1et5uql ii04i59q\">\n<div dir=\"auto\"><a class=\"oajrlxb2 g5ia77u1 qu0x051f esr5mh6w e9989ue4 r7d6kgcz rq0escxv nhd2j8a9 nc684nl6 p7hjln8o kvgmc6g5 cxmmr5t8 oygrvhab hcukyx3x jb3vyjys rz4wbd8a qt6c0cv9 a8nywdso i1ao9s8h esuyzwwr f1sip0of lzcic4wl gpro0wi8 q66pz984 b1v8xokw\" tabindex=\"0\" role=\"link\" href=\"https:\/\/www.facebook.com\/hashtag\/internacional?__eep__=6&amp;__cft__[0]=AZWOzEVg80xv9lsYCPca1fvTkssVElJCRtc2yDKewtk7ZsfvjJ7PaO8DrOazxu-vw4eUmMG1zlF5wnz-QXjTyR9TTAU8WYIvR9pbfhdgYRRfk9X31nF_aTbapJ_CENWxLq3KMuk_OUD1g5mnkftk5yKfzxeXIpczDbJbdSOdvcVrWA&amp;__tn__=*NK-R\">#Internacional<\/a> | Boris Johnson anunci\u00f3 la primera muerte de un paciente con \u00d3micron.<\/div>\n<div dir=\"auto\"><\/div>\n<\/div>\n<div class=\"cxmmr5t8 oygrvhab hcukyx3x c1et5uql o9v6fnle ii04i59q\">\n<div dir=\"auto\">El primer ministro brit\u00e1nico, Boris Johnson, confirm\u00f3 este lunes la primera muerte confirmada a nivel mundial por la variante \u00d3micron del COVID, a menos de tres semanas de los primeros reportes oficiales de la cepa.<\/div>\n<div dir=\"auto\"><\/div>\n<\/div>\n<div class=\"cxmmr5t8 oygrvhab hcukyx3x c1et5uql o9v6fnle ii04i59q\">\n<div dir=\"auto\">En las \u00faltimas horas, el secretario de Salud brit\u00e1nico hab\u00eda reportado que \u00d3micron ya representaba el 40% de los nuevos contagios en Londres. Johnson indic\u00f3 que el ritmo avanza tan r\u00e1pido que para este martes ya ser\u00edan m\u00e1s de la mitad de los casos detectados en la capital.<\/div>\n<div dir=\"auto\"><\/div>\n<\/div>\n<div class=\"cxmmr5t8 oygrvhab hcukyx3x c1et5uql o9v6fnle ii04i59q\">\n<div dir=\"auto\">Previamente, el secretario de Salud brit\u00e1nico hab\u00eda dicho que 10 personas contagiadas con la variante estaban hospitalizadas, sin precisar la gravedad de los cuadros.<\/div>\n<div dir=\"auto\"><\/div>\n<\/div>\n<div class=\"cxmmr5t8 oygrvhab hcukyx3x c1et5uql o9v6fnle ii04i59q\">\n<div dir=\"auto\"><a class=\"oajrlxb2 g5ia77u1 qu0x051f esr5mh6w e9989ue4 r7d6kgcz rq0escxv nhd2j8a9 nc684nl6 p7hjln8o kvgmc6g5 cxmmr5t8 oygrvhab hcukyx3x jb3vyjys rz4wbd8a qt6c0cv9 a8nywdso i1ao9s8h esuyzwwr f1sip0of lzcic4wl gpro0wi8 py34i1dx\" tabindex=\"0\" role=\"link\" href=\"https:\/\/l.facebook.com\/l.php?u=http%3A%2F%2Fwww.lodelmomentoloja.com%2F%3Ffbclid%3DIwAR3VWeTA5uk9_hAkHfwAnCGg0A0z_7nOcOt0VwBRMhLB3WyUWfh87d8nJFw&amp;h=AT3ZgTMqPBdTko7ef2s6JRXtz0EN2YK_YCF6LgChT4jz8UWKqj2RTsUg0O74akCMkceR9-WNpaAdZtJ3PXeXsSSUT-bCALUnhzorpQ3Tzw0tx0_49ZWXsRQHlQeHV9Bp&amp;__tn__=-UK-R&amp;c[0]=AT1WODTQwvtGrdjcwgKvLpi2OiiC1jw9Nd5RHqJd7k1QBNllDgvaSrG42V9bDhgIJXJYeoxlw6FRB4XHXUxzZLlTK27O4vBAzstlV8f81e_298S7Pm1Tps555unDaA4tiy-nWK-gQLEY1cZIkXLuk62dNE0t-lnZ9CjpSp8sUOSAwR4yXfA\" target=\"_blank\" rel=\"nofollow noopener\">www.lodelmomentoloja.com<\/a><\/div>\n<div dir=\"auto\"><a class=\"oajrlxb2 g5ia77u1 qu0x051f esr5mh6w e9989ue4 r7d6kgcz rq0escxv nhd2j8a9 nc684nl6 p7hjln8o kvgmc6g5 cxmmr5t8 oygrvhab hcukyx3x jb3vyjys rz4wbd8a qt6c0cv9 a8nywdso i1ao9s8h esuyzwwr f1sip0of lzcic4wl gpro0wi8 q66pz984 b1v8xokw\" tabindex=\"0\" role=\"link\" href=\"https:\/\/www.facebook.com\/hashtag\/ldmnoticias?__eep__=6&amp;__cft__[0]=AZWOzEVg80xv9lsYCPca1fvTkssVElJCRtc2yDKewtk7ZsfvjJ7PaO8DrOazxu-vw4eUmMG1zlF5wnz-QXjTyR9TTAU8WYIvR9pbfhdgYRRfk9X31nF_aTbapJ_CENWxLq3KMuk_OUD1g5mnkftk5yKfzxeXIpczDbJbdSOdvcVrWA&amp;__tn__=*NK-R\">#LDMnoticias<\/a> <a class=\"oajrlxb2 g5ia77u1 qu0x051f esr5mh6w e9989ue4 r7d6kgcz rq0escxv nhd2j8a9 nc684nl6 p7hjln8o kvgmc6g5 cxmmr5t8 oygrvhab hcukyx3x jb3vyjys rz4wbd8a qt6c0cv9 a8nywdso i1ao9s8h esuyzwwr f1sip0of lzcic4wl gpro0wi8 q66pz984 b1v8xokw\" tabindex=\"0\" role=\"link\" href=\"https:\/\/www.facebook.com\/hashtag\/lodelmomentolojaldm?__eep__=6&amp;__cft__[0]=AZWOzEVg80xv9lsYCPca1fvTkssVElJCRtc2yDKewtk7ZsfvjJ7PaO8DrOazxu-vw4eUmMG1zlF5wnz-QXjTyR9TTAU8WYIvR9pbfhdgYRRfk9X31nF_aTbapJ_CENWxLq3KMuk_OUD1g5mnkftk5yKfzxeXIpczDbJbdSOdvcVrWA&amp;__tn__=*NK-R\">#lodelmomentolojaLDM<\/a><\/div>\n<\/div>\n","protected":false},"excerpt":{"rendered":"<p>#Internacional | Boris Johnson anunci\u00f3 la primera muerte de un paciente con \u00d3micron. El primer&#8230;<\/p>\n","protected":false},"author":1,"featured_media":6819,"comment_status":"open","ping_status":"open","sticky":false,"template":"","format":"standard","meta":{"footnotes":""},"categories":[4],"tags":[],"class_list":["post-6821","post","type-post","status-publish","format-standard","has-post-thumbnail","hentry","category-internacional"],"_links":{"self":[{"href":"https:\/\/www.lodelmomentoloja.com\/index.php?rest_route=\/wp\/v2\/posts\/6821"}],"collection":[{"href":"https:\/\/www.lodelmomentoloja.com\/index.php?rest_route=\/wp\/v2\/posts"}],"about":[{"href":"https:\/\/www.lodelmomentoloja.com\/index.php?rest_route=\/wp\/v2\/types\/post"}],"author":[{"embeddable":true,"href":"https:\/\/www.lodelmomentoloja.com\/index.php?rest_route=\/wp\/v2\/users\/1"}],"replies":[{"embeddable":true,"href":"https:\/\/www.lodelmomentoloja.com\/index.php?rest_route=%2Fwp%2Fv2%2Fcomments&post=6821"}],"version-history":[{"count":2,"href":"https:\/\/www.lodelmomentoloja.com\/index.php?rest_route=\/wp\/v2\/posts\/6821\/revisions"}],"predecessor-version":[{"id":6823,"href":"https:\/\/www.lodelmomentoloja.com\/index.php?rest_route=\/wp\/v2\/posts\/6821\/revisions\/6823"}],"wp:featuredmedia":[{"embeddable":true,"href":"https:\/\/www.lodelmomentoloja.com\/index.php?rest_route=\/wp\/v2\/media\/6819"}],"wp:attachment":[{"href":"https:\/\/www.lodelmomentoloja.com\/index.php?rest_route=%2Fwp%2Fv2%2Fmedia&parent=6821"}],"wp:term":[{"taxonomy":"category","embeddable":true,"href":"https:\/\/www.lodelmomentoloja.com\/index.php?rest_route=%2Fwp%2Fv2%2Fcategories&post=6821"},{"taxonomy":"post_tag","embeddable":true,"href":"https:\/\/www.lodelmomentoloja.com\/index.php?rest_route=%2Fwp%2Fv2%2Ftags&post=6821"}],"curies":[{"name":"wp","href":"https:\/\/api.w.org\/{rel}","templated":true}]}}