{"id":6772,"date":"2021-12-09T09:31:17","date_gmt":"2021-12-09T09:31:17","guid":{"rendered":"https:\/\/www.lodelmomentoloja.com\/?p=6772"},"modified":"2021-12-29T19:43:48","modified_gmt":"2021-12-29T19:43:48","slug":"plata-pide-disculpas-publicas","status":"publish","type":"post","link":"https:\/\/www.lodelmomentoloja.com\/?p=6772","title":{"rendered":"Plata pide disculpas p\u00fablicas."},"content":{"rendered":"<div class=\"\" data-block=\"true\" data-editor=\"9fuv3\" data-offset-key=\"a3gk0-0-0\">\n<div class=\"_1mf _1mj\" data-offset-key=\"a3gk0-0-0\"><span class=\"diy96o5h\"><span data-offset-key=\"a3gk0-0-0\">#Internacional<\/span><\/span><span data-offset-key=\"a3gk0-1-0\"> | Gonzalo Plata pidi\u00f3 disculpas p\u00fablicas ante lo sucedido el d\u00eda de ayer.<\/span><\/div>\n<\/div>\n<div class=\"\" data-block=\"true\" data-editor=\"9fuv3\" data-offset-key=\"aa36g-0-0\">\n<div class=\"_1mf _1mj\" data-offset-key=\"aa36g-0-0\"><span data-offset-key=\"aa36g-0-0\">\u00a0<\/span><\/div>\n<\/div>\n<div class=\"\" data-block=\"true\" data-editor=\"9fuv3\" data-offset-key=\"54vcp-0-0\">\n<div class=\"_1mf _1mj\" data-offset-key=\"54vcp-0-0\"><span data-offset-key=\"54vcp-0-0\">El deportista de 21 a\u00f1os dio declaraciones en una rueda de prensa este jueves, en donde el jugador dijo estar arrepentido del siniestro y conocer sobre las posibles implicaciones legales del caso.<\/span><\/div>\n<\/div>\n<div class=\"\" data-block=\"true\" data-editor=\"9fuv3\" data-offset-key=\"8lhdn-0-0\">\n<div class=\"_1mf _1mj\" data-offset-key=\"8lhdn-0-0\"><span data-offset-key=\"8lhdn-0-0\">\u00a0<\/span><\/div>\n<\/div>\n<div class=\"\" data-block=\"true\" data-editor=\"9fuv3\" data-offset-key=\"cnsmf-0-0\">\n<div class=\"_1mf _1mj\" data-offset-key=\"cnsmf-0-0\"><span data-offset-key=\"cnsmf-0-0\">\u201cLa anterior noche tuve un inconveniente, estoy muy arrepentido de lo que pas\u00f3. Le doy gracias a Dios porque pod\u00eda haber sido mucho peor. Hace poco acab\u00e9 de hablar con el taxista y la chica y les ped\u00ed disculpas a los dos. Tambi\u00e9n me quiero disculpar con Valladolid, con los aficionados y con mis compatriotas de Ecuador\u201d, dijo Plata.<\/span><\/div>\n<\/div>\n<div class=\"\" data-block=\"true\" data-editor=\"9fuv3\" data-offset-key=\"28egv-0-0\">\n<div class=\"_1mf _1mj\" data-offset-key=\"28egv-0-0\"><span data-offset-key=\"28egv-0-0\">\u00a0<\/span><\/div>\n<\/div>\n<div class=\"\" data-block=\"true\" data-editor=\"9fuv3\" data-offset-key=\"d62q5-0-0\">\n<div class=\"_1mf _1mj\" data-offset-key=\"d62q5-0-0\"><span data-offset-key=\"d62q5-0-0\">El Real Valladolid deplor\u00f3 el comportamiento de su jugador y record\u00f3 \u201clos peligros que conlleva la imprudencia, consumo de alcohol, otras sustancias, los despistes y, en suma, la conducci\u00f3n sin prestar la debida atenci\u00f3n y respeto a las normas\u201d.<\/span><\/div>\n<\/div>\n<div class=\"\" data-block=\"true\" data-editor=\"9fuv3\" data-offset-key=\"5ofee-0-0\">\n<div class=\"_1mf _1mj\" data-offset-key=\"5ofee-0-0\"><span data-offset-key=\"5ofee-0-0\">\u00a0<\/span><\/div>\n<\/div>\n<div class=\"\" data-block=\"true\" data-editor=\"9fuv3\" data-offset-key=\"408hf-0-0\">\n<div class=\"_1mf _1mj\" data-offset-key=\"408hf-0-0\"><span class=\"py34i1dx\"><span data-offset-key=\"408hf-0-0\">www.lodelmomentoloja.com<\/span><\/span><\/div>\n<\/div>\n<div class=\"\" data-block=\"true\" data-editor=\"9fuv3\" data-offset-key=\"5bjl5-0-0\">\n<div class=\"_1mf _1mj\" data-offset-key=\"5bjl5-0-0\"><span class=\"diy96o5h\"><span data-offset-key=\"5bjl5-0-0\">#LDMnoticias<\/span><\/span> <span class=\"diy96o5h\"><span data-offset-key=\"5bjl5-2-0\">#lodelmomentolojaLDM<\/span><\/span><\/div>\n<\/div>\n","protected":false},"excerpt":{"rendered":"<p>#Internacional | Gonzalo Plata pidi\u00f3 disculpas p\u00fablicas ante lo sucedido el d\u00eda de ayer. \u00a0&#8230;<\/p>\n","protected":false},"author":1,"featured_media":6771,"comment_status":"open","ping_status":"open","sticky":false,"template":"","format":"standard","meta":{"footnotes":""},"categories":[4],"tags":[],"class_list":["post-6772","post","type-post","status-publish","format-standard","has-post-thumbnail","hentry","category-internacional"],"_links":{"self":[{"href":"https:\/\/www.lodelmomentoloja.com\/index.php?rest_route=\/wp\/v2\/posts\/6772"}],"collection":[{"href":"https:\/\/www.lodelmomentoloja.com\/index.php?rest_route=\/wp\/v2\/posts"}],"about":[{"href":"https:\/\/www.lodelmomentoloja.com\/index.php?rest_route=\/wp\/v2\/types\/post"}],"author":[{"embeddable":true,"href":"https:\/\/www.lodelmomentoloja.com\/index.php?rest_route=\/wp\/v2\/users\/1"}],"replies":[{"embeddable":true,"href":"https:\/\/www.lodelmomentoloja.com\/index.php?rest_route=%2Fwp%2Fv2%2Fcomments&post=6772"}],"version-history":[{"count":1,"href":"https:\/\/www.lodelmomentoloja.com\/index.php?rest_route=\/wp\/v2\/posts\/6772\/revisions"}],"predecessor-version":[{"id":6773,"href":"https:\/\/www.lodelmomentoloja.com\/index.php?rest_route=\/wp\/v2\/posts\/6772\/revisions\/6773"}],"wp:featuredmedia":[{"embeddable":true,"href":"https:\/\/www.lodelmomentoloja.com\/index.php?rest_route=\/wp\/v2\/media\/6771"}],"wp:attachment":[{"href":"https:\/\/www.lodelmomentoloja.com\/index.php?rest_route=%2Fwp%2Fv2%2Fmedia&parent=6772"}],"wp:term":[{"taxonomy":"category","embeddable":true,"href":"https:\/\/www.lodelmomentoloja.com\/index.php?rest_route=%2Fwp%2Fv2%2Fcategories&post=6772"},{"taxonomy":"post_tag","embeddable":true,"href":"https:\/\/www.lodelmomentoloja.com\/index.php?rest_route=%2Fwp%2Fv2%2Ftags&post=6772"}],"curies":[{"name":"wp","href":"https:\/\/api.w.org\/{rel}","templated":true}]}}