{"id":6650,"date":"2021-12-07T09:30:01","date_gmt":"2021-12-07T09:30:01","guid":{"rendered":"https:\/\/www.lodelmomentoloja.com\/?p=6650"},"modified":"2021-12-29T19:40:09","modified_gmt":"2021-12-29T19:40:09","slug":"de-prision-a-arresto-domiciliario","status":"publish","type":"post","link":"https:\/\/www.lodelmomentoloja.com\/?p=6650","title":{"rendered":"&#8216;De prisi\u00f3n a arresto domiciliario&#8217;."},"content":{"rendered":"<div class=\"\" data-block=\"true\" data-editor=\"8mu76\" data-offset-key=\"fp16b-0-0\">\n<div class=\"_1mf _1mj\" data-offset-key=\"fp16b-0-0\"><span class=\"_5zk7\" spellcheck=\"false\" data-offset-key=\"fp16b-0-0\"><span data-offset-key=\"fp16b-0-0\">#Ecuador<\/span><\/span><span data-offset-key=\"fp16b-1-0\"> | &#8216;De prisi\u00f3n a arresto domiciliario&#8217;.<\/span><\/div>\n<\/div>\n<div class=\"\" data-block=\"true\" data-editor=\"8mu76\" data-offset-key=\"vv8h-0-0\">\n<div class=\"_1mf _1mj\" data-offset-key=\"vv8h-0-0\"><span data-offset-key=\"vv8h-0-0\">\u00a0<\/span><\/div>\n<\/div>\n<div class=\"\" data-block=\"true\" data-editor=\"8mu76\" data-offset-key=\"4gm6r-0-0\">\n<div class=\"_1mf _1mj\" data-offset-key=\"4gm6r-0-0\"><span data-offset-key=\"4gm6r-0-0\">La Justicia de Ecuador falla nuevamente a favor de procesados. Un Tribunal de Garant\u00edas Penales, con sede en Guayaquil, cambi\u00f3 la prisi\u00f3n preventiva por arresto domiciliario, dentro del proceso por delincuencia organizada en la venta irregular de medicinas a hospitales p\u00fablicos, durante la pandemia del COVID-19.<\/span><\/div>\n<\/div>\n<div class=\"\" data-block=\"true\" data-editor=\"8mu76\" data-offset-key=\"pa1c-0-0\">\n<div class=\"_1mf _1mj\" data-offset-key=\"pa1c-0-0\"><span data-offset-key=\"pa1c-0-0\">\u00a0<\/span><\/div>\n<\/div>\n<div class=\"\" data-block=\"true\" data-editor=\"8mu76\" data-offset-key=\"da1g0-0-0\">\n<div class=\"_1mf _1mj\" data-offset-key=\"da1g0-0-0\"><span data-offset-key=\"da1g0-0-0\">En el dictamen, que se conoci\u00f3 este 6 de diciembre de 2021, el tribunal dispuso que No\u00e9 cumplir\u00e1 con el arresto en el domicilio, ubicado en la etapa 13 de la ciudadela Alborada, mientras que su hermano Daniel lo har\u00e1 en una vivienda alquilada en la urbanizaci\u00f3n Santa Mar\u00eda Casa Grande, ubicada en la v\u00eda Samborond\u00f3n.<\/span><\/div>\n<\/div>\n<div class=\"\" data-block=\"true\" data-editor=\"8mu76\" data-offset-key=\"t9d0-0-0\">\n<div class=\"_1mf _1mj\" data-offset-key=\"t9d0-0-0\"><span data-offset-key=\"t9d0-0-0\">\u00a0<\/span><\/div>\n<\/div>\n<div class=\"\" data-block=\"true\" data-editor=\"8mu76\" data-offset-key=\"7gp5a-0-0\">\n<div class=\"_1mf _1mj\" data-offset-key=\"7gp5a-0-0\"><span data-offset-key=\"7gp5a-0-0\">Asimismo, aclara que la sustituci\u00f3n de medidas es \u00fanicamente en este proceso, por lo que, \u201cal encontrarse a \u00f3rdenes de otras autoridades, ellas deber\u00e1n resolver con respecto a su situaci\u00f3n jur\u00eddica en cada caso\u201d.<\/span><\/div>\n<\/div>\n<div class=\"\" data-block=\"true\" data-editor=\"8mu76\" data-offset-key=\"cokel-0-0\">\n<div class=\"_1mf _1mj\" data-offset-key=\"cokel-0-0\"><span data-offset-key=\"cokel-0-0\">\u00a0<\/span><\/div>\n<\/div>\n<div class=\"\" data-block=\"true\" data-editor=\"8mu76\" data-offset-key=\"8i23u-0-0\">\n<div class=\"_1mf _1mj\" data-offset-key=\"8i23u-0-0\"><span data-offset-key=\"8i23u-0-0\">V\u00eda: Cromaclictv<\/span><\/div>\n<\/div>\n<div class=\"\" data-block=\"true\" data-editor=\"8mu76\" data-offset-key=\"7i9gq-0-0\">\n<div class=\"_1mf _1mj\" data-offset-key=\"7i9gq-0-0\"><span data-offset-key=\"7i9gq-0-0\">\u00a0<\/span><\/div>\n<\/div>\n<div class=\"\" data-block=\"true\" data-editor=\"8mu76\" data-offset-key=\"aprfh-0-0\">\n<div class=\"_1mf _1mj\" data-offset-key=\"aprfh-0-0\"><span data-offset-key=\"aprfh-0-0\">www.lodelmomentolojaLDM<\/span><\/div>\n<\/div>\n<div class=\"\" data-block=\"true\" data-editor=\"8mu76\" data-offset-key=\"bs7h-0-0\">\n<div class=\"_1mf _1mj\" data-offset-key=\"bs7h-0-0\"><span class=\"_5zk7\" spellcheck=\"false\" data-offset-key=\"bs7h-0-0\"><span data-offset-key=\"bs7h-0-0\">#LDMnoticias<\/span><\/span> <span class=\"_5zk7\" spellcheck=\"false\" data-offset-key=\"bs7h-2-0\"><span data-offset-key=\"bs7h-2-0\">#lodelmomentolojaLDM<\/span><\/span><\/div>\n<\/div>\n","protected":false},"excerpt":{"rendered":"<p>#Ecuador | &#8216;De prisi\u00f3n a arresto domiciliario&#8217;. \u00a0 La Justicia de Ecuador falla nuevamente a&#8230;<\/p>\n","protected":false},"author":1,"featured_media":6649,"comment_status":"open","ping_status":"open","sticky":false,"template":"","format":"standard","meta":{"footnotes":""},"categories":[7],"tags":[],"class_list":["post-6650","post","type-post","status-publish","format-standard","has-post-thumbnail","hentry","category-ecuador"],"_links":{"self":[{"href":"https:\/\/www.lodelmomentoloja.com\/index.php?rest_route=\/wp\/v2\/posts\/6650"}],"collection":[{"href":"https:\/\/www.lodelmomentoloja.com\/index.php?rest_route=\/wp\/v2\/posts"}],"about":[{"href":"https:\/\/www.lodelmomentoloja.com\/index.php?rest_route=\/wp\/v2\/types\/post"}],"author":[{"embeddable":true,"href":"https:\/\/www.lodelmomentoloja.com\/index.php?rest_route=\/wp\/v2\/users\/1"}],"replies":[{"embeddable":true,"href":"https:\/\/www.lodelmomentoloja.com\/index.php?rest_route=%2Fwp%2Fv2%2Fcomments&post=6650"}],"version-history":[{"count":1,"href":"https:\/\/www.lodelmomentoloja.com\/index.php?rest_route=\/wp\/v2\/posts\/6650\/revisions"}],"predecessor-version":[{"id":6652,"href":"https:\/\/www.lodelmomentoloja.com\/index.php?rest_route=\/wp\/v2\/posts\/6650\/revisions\/6652"}],"wp:featuredmedia":[{"embeddable":true,"href":"https:\/\/www.lodelmomentoloja.com\/index.php?rest_route=\/wp\/v2\/media\/6649"}],"wp:attachment":[{"href":"https:\/\/www.lodelmomentoloja.com\/index.php?rest_route=%2Fwp%2Fv2%2Fmedia&parent=6650"}],"wp:term":[{"taxonomy":"category","embeddable":true,"href":"https:\/\/www.lodelmomentoloja.com\/index.php?rest_route=%2Fwp%2Fv2%2Fcategories&post=6650"},{"taxonomy":"post_tag","embeddable":true,"href":"https:\/\/www.lodelmomentoloja.com\/index.php?rest_route=%2Fwp%2Fv2%2Ftags&post=6650"}],"curies":[{"name":"wp","href":"https:\/\/api.w.org\/{rel}","templated":true}]}}