{"id":6617,"date":"2021-12-03T09:20:03","date_gmt":"2021-12-03T09:20:03","guid":{"rendered":"https:\/\/www.lodelmomentoloja.com\/?p=6617"},"modified":"2021-12-29T19:24:30","modified_gmt":"2021-12-29T19:24:30","slug":"ecuador-de-oro-en-los-panamericanos-jr-de-cali","status":"publish","type":"post","link":"https:\/\/www.lodelmomentoloja.com\/?p=6617","title":{"rendered":"Ecuador de Oro en los Panamericanos Jr de Cali."},"content":{"rendered":"<div class=\"\" data-block=\"true\" data-editor=\"3omhi\" data-offset-key=\"bvbro-0-0\">\n<div class=\"_1mf _1mj\" data-offset-key=\"bvbro-0-0\"><span class=\"_5zk7\" spellcheck=\"false\" data-offset-key=\"bvbro-0-0\"><span data-offset-key=\"bvbro-0-0\">#Internacional<\/span><\/span><span data-offset-key=\"bvbro-1-0\"> | Luc\u00eda Y\u00e9pez domin\u00f3 completamente la pelea. <\/span><\/div>\n<\/div>\n<div class=\"\" data-block=\"true\" data-editor=\"3omhi\" data-offset-key=\"8915d-0-0\">\n<div class=\"_1mf _1mj\" data-offset-key=\"8915d-0-0\"><span data-offset-key=\"8915d-0-0\">\u00a0<\/span><\/div>\n<\/div>\n<div class=\"\" data-block=\"true\" data-editor=\"3omhi\" data-offset-key=\"d9kni-0-0\">\n<div class=\"_1mf _1mj\" data-offset-key=\"d9kni-0-0\"><span data-offset-key=\"d9kni-0-0\">La quevede\u00f1a derrot\u00f3 a la cubana Greili Bencosme en la final, en la categor\u00eda de los 50 kilogramos, este jueves 2 de diciembre de 2021 en los Juegos Panamericanos Junior de Cali.<\/span><\/div>\n<\/div>\n<div class=\"\" data-block=\"true\" data-editor=\"3omhi\" data-offset-key=\"2tesg-0-0\">\n<div class=\"_1mf _1mj\" data-offset-key=\"2tesg-0-0\"><span data-offset-key=\"2tesg-0-0\">\u00a0<\/span><\/div>\n<\/div>\n<div class=\"\" data-block=\"true\" data-editor=\"3omhi\" data-offset-key=\"8b544-0-0\">\n<div class=\"_1mf _1mj\" data-offset-key=\"8b544-0-0\"><span data-offset-key=\"8b544-0-0\">Luc\u00eda Y\u00e9pez fue la abanderada de la delegaci\u00f3n ecuatoriana en estos Panamericanos. La quevede\u00f1a viene de ganar el primer t\u00edtulo mundial en lucha para el pa\u00eds, al consagrarse campeona Sub 23 en Serbia, en noviembre.<\/span><\/div>\n<\/div>\n<div class=\"\" data-block=\"true\" data-editor=\"3omhi\" data-offset-key=\"dips5-0-0\">\n<div class=\"_1mf _1mj\" data-offset-key=\"dips5-0-0\"><span data-offset-key=\"dips5-0-0\">\u00a0<\/span><\/div>\n<\/div>\n<div class=\"\" data-block=\"true\" data-editor=\"3omhi\" data-offset-key=\"ckhn3-0-0\">\n<div class=\"_1mf _1mj\" data-offset-key=\"ckhn3-0-0\"><span data-offset-key=\"ckhn3-0-0\">Adem\u00e1s, ha ganado dos Campeonatos Panamericanos juveniles y se ubic\u00f3 entre las mejores ocho en Tokio 2021, obteniendo un diploma ol\u00edmpico.<\/span><\/div>\n<\/div>\n<div class=\"\" data-block=\"true\" data-editor=\"3omhi\" data-offset-key=\"fhhhf-0-0\">\n<div class=\"_1mf _1mj\" data-offset-key=\"fhhhf-0-0\"><span data-offset-key=\"fhhhf-0-0\">\u00a0<\/span><\/div>\n<\/div>\n<div class=\"\" data-block=\"true\" data-editor=\"3omhi\" data-offset-key=\"883kg-0-0\">\n<div class=\"_1mf _1mj\" data-offset-key=\"883kg-0-0\"><span data-offset-key=\"883kg-0-0\">www.lodelmomentoloja.com<\/span><\/div>\n<\/div>\n<div class=\"\" data-block=\"true\" data-editor=\"3omhi\" data-offset-key=\"310jm-0-0\">\n<div class=\"_1mf _1mj\" data-offset-key=\"310jm-0-0\"><span class=\"_5zk7\" spellcheck=\"false\" data-offset-key=\"310jm-0-0\"><span data-offset-key=\"310jm-0-0\">#LDMnoticias<\/span><\/span> <span class=\"_5zk7\" spellcheck=\"false\" data-offset-key=\"310jm-2-0\"><span data-offset-key=\"310jm-2-0\">#lodelmomentolojaLDM<\/span><\/span><\/div>\n<\/div>\n","protected":false},"excerpt":{"rendered":"<p>#Internacional | Luc\u00eda Y\u00e9pez domin\u00f3 completamente la pelea. \u00a0 La quevede\u00f1a derrot\u00f3 a la cubana&#8230;<\/p>\n","protected":false},"author":1,"featured_media":6616,"comment_status":"open","ping_status":"open","sticky":false,"template":"","format":"standard","meta":{"footnotes":""},"categories":[4],"tags":[],"class_list":["post-6617","post","type-post","status-publish","format-standard","has-post-thumbnail","hentry","category-internacional"],"_links":{"self":[{"href":"https:\/\/www.lodelmomentoloja.com\/index.php?rest_route=\/wp\/v2\/posts\/6617"}],"collection":[{"href":"https:\/\/www.lodelmomentoloja.com\/index.php?rest_route=\/wp\/v2\/posts"}],"about":[{"href":"https:\/\/www.lodelmomentoloja.com\/index.php?rest_route=\/wp\/v2\/types\/post"}],"author":[{"embeddable":true,"href":"https:\/\/www.lodelmomentoloja.com\/index.php?rest_route=\/wp\/v2\/users\/1"}],"replies":[{"embeddable":true,"href":"https:\/\/www.lodelmomentoloja.com\/index.php?rest_route=%2Fwp%2Fv2%2Fcomments&post=6617"}],"version-history":[{"count":1,"href":"https:\/\/www.lodelmomentoloja.com\/index.php?rest_route=\/wp\/v2\/posts\/6617\/revisions"}],"predecessor-version":[{"id":6618,"href":"https:\/\/www.lodelmomentoloja.com\/index.php?rest_route=\/wp\/v2\/posts\/6617\/revisions\/6618"}],"wp:featuredmedia":[{"embeddable":true,"href":"https:\/\/www.lodelmomentoloja.com\/index.php?rest_route=\/wp\/v2\/media\/6616"}],"wp:attachment":[{"href":"https:\/\/www.lodelmomentoloja.com\/index.php?rest_route=%2Fwp%2Fv2%2Fmedia&parent=6617"}],"wp:term":[{"taxonomy":"category","embeddable":true,"href":"https:\/\/www.lodelmomentoloja.com\/index.php?rest_route=%2Fwp%2Fv2%2Fcategories&post=6617"},{"taxonomy":"post_tag","embeddable":true,"href":"https:\/\/www.lodelmomentoloja.com\/index.php?rest_route=%2Fwp%2Fv2%2Ftags&post=6617"}],"curies":[{"name":"wp","href":"https:\/\/api.w.org\/{rel}","templated":true}]}}