{"id":6606,"date":"2021-12-02T10:51:04","date_gmt":"2021-12-02T10:51:04","guid":{"rendered":"https:\/\/www.lodelmomentoloja.com\/?p=6606"},"modified":"2021-12-29T19:20:21","modified_gmt":"2021-12-29T19:20:21","slug":"oro-para-ecuador-en-panamericanos-jr","status":"publish","type":"post","link":"https:\/\/www.lodelmomentoloja.com\/?p=6606","title":{"rendered":"Oro para Ecuador en Panamericanos Jr."},"content":{"rendered":"<div class=\"kvgmc6g5 cxmmr5t8 oygrvhab hcukyx3x c1et5uql ii04i59q\">\n<div dir=\"auto\"><a class=\"oajrlxb2 g5ia77u1 qu0x051f esr5mh6w e9989ue4 r7d6kgcz rq0escxv nhd2j8a9 nc684nl6 p7hjln8o kvgmc6g5 cxmmr5t8 oygrvhab hcukyx3x jb3vyjys rz4wbd8a qt6c0cv9 a8nywdso i1ao9s8h esuyzwwr f1sip0of lzcic4wl q66pz984 gpro0wi8 b1v8xokw\" tabindex=\"0\" role=\"link\" href=\"https:\/\/www.facebook.com\/hashtag\/internacional?__eep__=6&amp;__cft__[0]=AZVDwMDZwLZakFUzrCsHkK0by7qnwsxbEaVSRLIeMZe9YeGx5Ky9OVznehvLgn5etg7ooB5MXbbN2nx7BzkwmWhT6hB9pNgRUGcjm-QJY54lw0HOnh4bZ5FzWYY0Z1qa7dVxavadZYJVm8S3yUc4JiS2yETU-_JSb2s7U2PYGcNXSDwwHfZt8pwWfPCl0a7rM7Y&amp;__tn__=*NK-R\">#Internacional<\/a> | Ecuador de ORO.<\/div>\n<div dir=\"auto\"><\/div>\n<\/div>\n<div class=\"o9v6fnle cxmmr5t8 oygrvhab hcukyx3x c1et5uql ii04i59q\">\n<div dir=\"auto\">La atleta ibarre\u00f1a, Anah\u00ed Su\u00e1rez, se consagr\u00f3 campeona en los Juegos Panamericanos Junior que se disputan en Cali dentro de la prueba de 100 metros planos en donde registr\u00f3 un tiempo de 11,32 segundos.<\/div>\n<div dir=\"auto\"><\/div>\n<\/div>\n<div class=\"o9v6fnle cxmmr5t8 oygrvhab hcukyx3x c1et5uql ii04i59q\">\n<div dir=\"auto\">Despu\u00e9s de su intervenci\u00f3n, Anah\u00ed Suar\u00e9z le dedic\u00f3 la victoria a \u00c1lex Qui\u00f1onez, el atleta que fue asesinado hace m\u00e1s de un mes en la ciudad de Guayaquil.<\/div>\n<div dir=\"auto\"><\/div>\n<\/div>\n<div class=\"o9v6fnle cxmmr5t8 oygrvhab hcukyx3x c1et5uql ii04i59q\">\n<div dir=\"auto\">\u201cYo se que hoy por hoy no est\u00e1 aqu\u00ed en la tierra, pero gracias a \u00e9l tambi\u00e9n estoy aqu\u00ed\u201d, coment\u00f3.<\/div>\n<\/div>\n<div class=\"o9v6fnle cxmmr5t8 oygrvhab hcukyx3x c1et5uql ii04i59q\">\n<div dir=\"auto\">V\u00eda: Radio Din\u00e1mica.<\/div>\n<div dir=\"auto\"><\/div>\n<\/div>\n<div class=\"o9v6fnle cxmmr5t8 oygrvhab hcukyx3x c1et5uql ii04i59q\">\n<div dir=\"auto\"><a class=\"oajrlxb2 g5ia77u1 qu0x051f esr5mh6w e9989ue4 r7d6kgcz rq0escxv nhd2j8a9 nc684nl6 p7hjln8o kvgmc6g5 cxmmr5t8 oygrvhab hcukyx3x jb3vyjys rz4wbd8a qt6c0cv9 a8nywdso i1ao9s8h esuyzwwr f1sip0of lzcic4wl q66pz984 gpro0wi8 b1v8xokw\" tabindex=\"0\" role=\"link\" href=\"https:\/\/www.facebook.com\/hashtag\/ldmnoticias?__eep__=6&amp;__cft__[0]=AZVDwMDZwLZakFUzrCsHkK0by7qnwsxbEaVSRLIeMZe9YeGx5Ky9OVznehvLgn5etg7ooB5MXbbN2nx7BzkwmWhT6hB9pNgRUGcjm-QJY54lw0HOnh4bZ5FzWYY0Z1qa7dVxavadZYJVm8S3yUc4JiS2yETU-_JSb2s7U2PYGcNXSDwwHfZt8pwWfPCl0a7rM7Y&amp;__tn__=*NK-R\">#LDMnoticias<\/a> <a class=\"oajrlxb2 g5ia77u1 qu0x051f esr5mh6w e9989ue4 r7d6kgcz rq0escxv nhd2j8a9 nc684nl6 p7hjln8o kvgmc6g5 cxmmr5t8 oygrvhab hcukyx3x jb3vyjys rz4wbd8a qt6c0cv9 a8nywdso i1ao9s8h esuyzwwr f1sip0of lzcic4wl q66pz984 gpro0wi8 b1v8xokw\" tabindex=\"0\" role=\"link\" href=\"https:\/\/www.facebook.com\/hashtag\/lodelmomentolojaldm?__eep__=6&amp;__cft__[0]=AZVDwMDZwLZakFUzrCsHkK0by7qnwsxbEaVSRLIeMZe9YeGx5Ky9OVznehvLgn5etg7ooB5MXbbN2nx7BzkwmWhT6hB9pNgRUGcjm-QJY54lw0HOnh4bZ5FzWYY0Z1qa7dVxavadZYJVm8S3yUc4JiS2yETU-_JSb2s7U2PYGcNXSDwwHfZt8pwWfPCl0a7rM7Y&amp;__tn__=*NK-R\">#lodelmomentolojaLDM<\/a><\/div>\n<\/div>\n","protected":false},"excerpt":{"rendered":"<p>#Internacional | Ecuador de ORO. La atleta ibarre\u00f1a, Anah\u00ed Su\u00e1rez, se consagr\u00f3 campeona en los&#8230;<\/p>\n","protected":false},"author":1,"featured_media":6607,"comment_status":"open","ping_status":"open","sticky":false,"template":"","format":"standard","meta":{"footnotes":""},"categories":[4],"tags":[],"class_list":["post-6606","post","type-post","status-publish","format-standard","has-post-thumbnail","hentry","category-internacional"],"_links":{"self":[{"href":"https:\/\/www.lodelmomentoloja.com\/index.php?rest_route=\/wp\/v2\/posts\/6606"}],"collection":[{"href":"https:\/\/www.lodelmomentoloja.com\/index.php?rest_route=\/wp\/v2\/posts"}],"about":[{"href":"https:\/\/www.lodelmomentoloja.com\/index.php?rest_route=\/wp\/v2\/types\/post"}],"author":[{"embeddable":true,"href":"https:\/\/www.lodelmomentoloja.com\/index.php?rest_route=\/wp\/v2\/users\/1"}],"replies":[{"embeddable":true,"href":"https:\/\/www.lodelmomentoloja.com\/index.php?rest_route=%2Fwp%2Fv2%2Fcomments&post=6606"}],"version-history":[{"count":1,"href":"https:\/\/www.lodelmomentoloja.com\/index.php?rest_route=\/wp\/v2\/posts\/6606\/revisions"}],"predecessor-version":[{"id":6608,"href":"https:\/\/www.lodelmomentoloja.com\/index.php?rest_route=\/wp\/v2\/posts\/6606\/revisions\/6608"}],"wp:featuredmedia":[{"embeddable":true,"href":"https:\/\/www.lodelmomentoloja.com\/index.php?rest_route=\/wp\/v2\/media\/6607"}],"wp:attachment":[{"href":"https:\/\/www.lodelmomentoloja.com\/index.php?rest_route=%2Fwp%2Fv2%2Fmedia&parent=6606"}],"wp:term":[{"taxonomy":"category","embeddable":true,"href":"https:\/\/www.lodelmomentoloja.com\/index.php?rest_route=%2Fwp%2Fv2%2Fcategories&post=6606"},{"taxonomy":"post_tag","embeddable":true,"href":"https:\/\/www.lodelmomentoloja.com\/index.php?rest_route=%2Fwp%2Fv2%2Ftags&post=6606"}],"curies":[{"name":"wp","href":"https:\/\/api.w.org\/{rel}","templated":true}]}}