{"id":6595,"date":"2021-12-02T09:25:44","date_gmt":"2021-12-02T09:25:44","guid":{"rendered":"https:\/\/www.lodelmomentoloja.com\/?p=6595"},"modified":"2021-12-29T19:20:31","modified_gmt":"2021-12-29T19:20:31","slug":"renuncia-al-cargo-de-arzobispo-de-paris","status":"publish","type":"post","link":"https:\/\/www.lodelmomentoloja.com\/?p=6595","title":{"rendered":"Renuncia al cargo de Arzobispo de Par\u00eds."},"content":{"rendered":"<div class=\"\" data-block=\"true\" data-editor=\"483te\" data-offset-key=\"c0t97-0-0\">\n<div class=\"_1mf _1mj\" data-offset-key=\"c0t97-0-0\"><span class=\"diy96o5h\"><span data-offset-key=\"c0t97-0-0\">#Internacional<\/span><\/span><span data-offset-key=\"c0t97-1-0\"> | El <\/span><span data-offset-key=\"c0t97-2-0\">arzobispo<\/span><span data-offset-key=\"c0t97-3-0\"> Michel Aupetit dice tener \u201cel coraz\u00f3n profundamente en paz\u201d.<\/span><\/div>\n<\/div>\n<div class=\"\" data-block=\"true\" data-editor=\"483te\" data-offset-key=\"3geg-0-0\">\n<div class=\"_1mf _1mj\" data-offset-key=\"3geg-0-0\"><span data-offset-key=\"3geg-0-0\">\u00a0<\/span><\/div>\n<\/div>\n<div class=\"\" data-block=\"true\" data-editor=\"483te\" data-offset-key=\"dtlq9-0-0\">\n<div class=\"_1mf _1mj\" data-offset-key=\"dtlq9-0-0\"><span data-offset-key=\"dtlq9-0-0\">El papa Francisco ha aceptado la renuncia del arzobispo de Par\u00eds, Michel Aupetit, quien puso su cargo a disposici\u00f3n del pont\u00edfice despu\u00e9s de que la prensa francesa revelara que mantuvo una relaci\u00f3n con una mujer en 2012.<\/span><\/div>\n<\/div>\n<div class=\"\" data-block=\"true\" data-editor=\"483te\" data-offset-key=\"49k01-0-0\">\n<div class=\"_1mf _1mj\" data-offset-key=\"49k01-0-0\"><span data-offset-key=\"49k01-0-0\">\u00a0<\/span><\/div>\n<\/div>\n<div class=\"\" data-block=\"true\" data-editor=\"483te\" data-offset-key=\"2743k-0-0\">\n<div class=\"_1mf _1mj\" data-offset-key=\"2743k-0-0\"><span data-offset-key=\"2743k-0-0\">\u201cEl Santo Padre ha aceptado la renuncia al gobierno pastoral de la Archidi\u00f3cesis Metropolitana de Par\u00eds (Francia) presentada por S. E. Mons. Michel Aupetit\u201c, anunci\u00f3 el Vaticano en un comunicado divulgado este jueves 2 de diciembre del 2021.<\/span><\/div>\n<\/div>\n<div class=\"\" data-block=\"true\" data-editor=\"483te\" data-offset-key=\"9evtv-0-0\">\n<div class=\"_1mf _1mj\" data-offset-key=\"9evtv-0-0\"><span data-offset-key=\"9evtv-0-0\">\u00a0<\/span><\/div>\n<\/div>\n<div class=\"\" data-block=\"true\" data-editor=\"483te\" data-offset-key=\"29m4h-0-0\">\n<div class=\"_1mf _1mj\" data-offset-key=\"29m4h-0-0\"><span data-offset-key=\"29m4h-0-0\">\u201cAl mismo tiempo nombr\u00f3 a S. E. Mons. Georges Pontier Administrador Apost\u00f3lico sede vacante et ad nutum Sanct Sedis de la misma Archidi\u00f3cesis\u201d, se a\u00f1ade en la escueta nota.<\/span><\/div>\n<\/div>\n<div class=\"\" data-block=\"true\" data-editor=\"483te\" data-offset-key=\"4799i-0-0\">\n<div class=\"_1mf _1mj\" data-offset-key=\"4799i-0-0\"><span data-offset-key=\"4799i-0-0\">\u00a0<\/span><\/div>\n<\/div>\n<div class=\"\" data-block=\"true\" data-editor=\"483te\" data-offset-key=\"mbc-0-0\">\n<div class=\"_1mf _1mj\" data-offset-key=\"mbc-0-0\"><span class=\"py34i1dx\"><span data-offset-key=\"mbc-0-0\">www.lodelmomentoloja.com<\/span><\/span><\/div>\n<\/div>\n<div class=\"\" data-block=\"true\" data-editor=\"483te\" data-offset-key=\"4i968-0-0\">\n<div class=\"_1mf _1mj\" data-offset-key=\"4i968-0-0\"><span class=\"diy96o5h\"><span data-offset-key=\"4i968-0-0\">#LDMnoticias<\/span><\/span> <span class=\"diy96o5h\"><span data-offset-key=\"4i968-2-0\">#lodelmomentolojaLDM<\/span><\/span><\/div>\n<\/div>\n","protected":false},"excerpt":{"rendered":"<p>#Internacional | El arzobispo Michel Aupetit dice tener \u201cel coraz\u00f3n profundamente en paz\u201d. \u00a0 El&#8230;<\/p>\n","protected":false},"author":1,"featured_media":6596,"comment_status":"open","ping_status":"open","sticky":false,"template":"","format":"standard","meta":{"footnotes":""},"categories":[4],"tags":[],"class_list":["post-6595","post","type-post","status-publish","format-standard","has-post-thumbnail","hentry","category-internacional"],"_links":{"self":[{"href":"https:\/\/www.lodelmomentoloja.com\/index.php?rest_route=\/wp\/v2\/posts\/6595"}],"collection":[{"href":"https:\/\/www.lodelmomentoloja.com\/index.php?rest_route=\/wp\/v2\/posts"}],"about":[{"href":"https:\/\/www.lodelmomentoloja.com\/index.php?rest_route=\/wp\/v2\/types\/post"}],"author":[{"embeddable":true,"href":"https:\/\/www.lodelmomentoloja.com\/index.php?rest_route=\/wp\/v2\/users\/1"}],"replies":[{"embeddable":true,"href":"https:\/\/www.lodelmomentoloja.com\/index.php?rest_route=%2Fwp%2Fv2%2Fcomments&post=6595"}],"version-history":[{"count":2,"href":"https:\/\/www.lodelmomentoloja.com\/index.php?rest_route=\/wp\/v2\/posts\/6595\/revisions"}],"predecessor-version":[{"id":6598,"href":"https:\/\/www.lodelmomentoloja.com\/index.php?rest_route=\/wp\/v2\/posts\/6595\/revisions\/6598"}],"wp:featuredmedia":[{"embeddable":true,"href":"https:\/\/www.lodelmomentoloja.com\/index.php?rest_route=\/wp\/v2\/media\/6596"}],"wp:attachment":[{"href":"https:\/\/www.lodelmomentoloja.com\/index.php?rest_route=%2Fwp%2Fv2%2Fmedia&parent=6595"}],"wp:term":[{"taxonomy":"category","embeddable":true,"href":"https:\/\/www.lodelmomentoloja.com\/index.php?rest_route=%2Fwp%2Fv2%2Fcategories&post=6595"},{"taxonomy":"post_tag","embeddable":true,"href":"https:\/\/www.lodelmomentoloja.com\/index.php?rest_route=%2Fwp%2Fv2%2Ftags&post=6595"}],"curies":[{"name":"wp","href":"https:\/\/api.w.org\/{rel}","templated":true}]}}