{"id":6577,"date":"2021-11-30T11:45:13","date_gmt":"2021-11-30T11:45:13","guid":{"rendered":"https:\/\/www.lodelmomentoloja.com\/?p=6577"},"modified":"2021-12-29T19:15:15","modified_gmt":"2021-12-29T19:15:15","slug":"medalla-de-plata-para-ecuador","status":"publish","type":"post","link":"https:\/\/www.lodelmomentoloja.com\/?p=6577","title":{"rendered":"Medalla de plata  para Ecuador."},"content":{"rendered":"<div class=\"kvgmc6g5 cxmmr5t8 oygrvhab hcukyx3x c1et5uql ii04i59q\">\n<div dir=\"auto\"><a class=\"oajrlxb2 g5ia77u1 qu0x051f esr5mh6w e9989ue4 r7d6kgcz rq0escxv nhd2j8a9 nc684nl6 p7hjln8o kvgmc6g5 cxmmr5t8 oygrvhab hcukyx3x jb3vyjys rz4wbd8a qt6c0cv9 a8nywdso i1ao9s8h esuyzwwr f1sip0of lzcic4wl q66pz984 gpro0wi8 b1v8xokw\" tabindex=\"0\" role=\"link\" href=\"https:\/\/www.facebook.com\/hashtag\/nacional?__eep__=6&amp;__cft__[0]=AZXc-t-HbAxo8Xvr5Y9f6EFpyyF4-XwhXOt4C7CTRl1cCUZba9K01-ordTSsoF7qt5CfDtn22Pd0OHfPRNA8esWB0JYdfS7ZnolPSKpm5T9aC8DEZ9oP3LOwsgr5rCLg0ubHRa1zaky-3wniaqTdpbNY9QbpRjpB8VkIqf7tTzxOZRI1rUfmlygwbrXuPsgRBUw&amp;__tn__=*NK-R\">#Nacional<\/a> | Ecuador consigue medalla de plata.<\/div>\n<div dir=\"auto\"><\/div>\n<\/div>\n<div class=\"o9v6fnle cxmmr5t8 oygrvhab hcukyx3x c1et5uql ii04i59q\">\n<div dir=\"auto\">La lojana Mar\u00eda Loreto Arias, se llev\u00f3 la medalla de plata en la prueba de 200m. con un tiempo de 19.189, en los Juegos Panamericanos Junior 2021 que se est\u00e1n desarrollando en Cali &#8211; Colombia.<\/div>\n<div dir=\"auto\"><\/div>\n<\/div>\n<div class=\"o9v6fnle cxmmr5t8 oygrvhab hcukyx3x c1et5uql ii04i59q\">\n<div dir=\"auto\">El primer lugar se lo llev\u00f3 la Colombiana Valeria Rodr\u00edguez con un tiempo de 19.093seg, mientras que el tercer lugar se hizo acreedora la Salvadore\u00f1a Ivonne Nochez con un tiempo de 19.577seg.<\/div>\n<div dir=\"auto\"><\/div>\n<\/div>\n<div class=\"o9v6fnle cxmmr5t8 oygrvhab hcukyx3x c1et5uql ii04i59q\">\n<div dir=\"auto\"><a class=\"oajrlxb2 g5ia77u1 qu0x051f esr5mh6w e9989ue4 r7d6kgcz rq0escxv nhd2j8a9 nc684nl6 p7hjln8o kvgmc6g5 cxmmr5t8 oygrvhab hcukyx3x jb3vyjys rz4wbd8a qt6c0cv9 a8nywdso i1ao9s8h esuyzwwr f1sip0of lzcic4wl py34i1dx gpro0wi8\" tabindex=\"0\" role=\"link\" href=\"https:\/\/l.facebook.com\/l.php?u=http%3A%2F%2Fwww.lodelmomentoloja.com%2F%3Ffbclid%3DIwAR3g9Q-EliYiaMgJxyrEaIq2u7sCFYYxtOwRftCrW9X7U4Aui4YFgYsT_Rk&amp;h=AT10T145Wv40Z7mK2Zp7uW2ErxEZszXfnRgYB7yMjWbqcgn3-3KwqlAXhFfJm7GJkZX5gY9G2Spy0rTKVs8ATGTQ8sYiuhZUwIfP9C7i_ZaUYDp9S-Ea0JBglBKix0nc&amp;__tn__=-UK-R&amp;c[0]=AT1YedZM1MHQ-cjGzd-Kmab9R2fJO8n0PGc8Xua0Z7oiaXd9bLNTI0oUl2joXeeL4yHuaZaQFY-qGW13ReAT6fbYuPE-7mypruf-L9aeoC5XVwtnBOpxr10KIkSXKRr2-WBLmSCuXNKAlaU6PPMS2TaxUA3w8gp8i8rLfvcI-7CcySv-lWGoK9SeKVbjNp9ZtGQ-zqWb\" target=\"_blank\" rel=\"nofollow noopener\">www.lodelmomentoloja.com<\/a><\/div>\n<div dir=\"auto\"><a class=\"oajrlxb2 g5ia77u1 qu0x051f esr5mh6w e9989ue4 r7d6kgcz rq0escxv nhd2j8a9 nc684nl6 p7hjln8o kvgmc6g5 cxmmr5t8 oygrvhab hcukyx3x jb3vyjys rz4wbd8a qt6c0cv9 a8nywdso i1ao9s8h esuyzwwr f1sip0of lzcic4wl q66pz984 gpro0wi8 b1v8xokw\" tabindex=\"0\" role=\"link\" href=\"https:\/\/www.facebook.com\/hashtag\/ldmnoticias?__eep__=6&amp;__cft__[0]=AZXc-t-HbAxo8Xvr5Y9f6EFpyyF4-XwhXOt4C7CTRl1cCUZba9K01-ordTSsoF7qt5CfDtn22Pd0OHfPRNA8esWB0JYdfS7ZnolPSKpm5T9aC8DEZ9oP3LOwsgr5rCLg0ubHRa1zaky-3wniaqTdpbNY9QbpRjpB8VkIqf7tTzxOZRI1rUfmlygwbrXuPsgRBUw&amp;__tn__=*NK-R\">#LDMnoticias<\/a> <a class=\"oajrlxb2 g5ia77u1 qu0x051f esr5mh6w e9989ue4 r7d6kgcz rq0escxv nhd2j8a9 nc684nl6 p7hjln8o kvgmc6g5 cxmmr5t8 oygrvhab hcukyx3x jb3vyjys rz4wbd8a qt6c0cv9 a8nywdso i1ao9s8h esuyzwwr f1sip0of lzcic4wl q66pz984 gpro0wi8 b1v8xokw\" tabindex=\"0\" role=\"link\" href=\"https:\/\/www.facebook.com\/hashtag\/lodelmomentolojaldm?__eep__=6&amp;__cft__[0]=AZXc-t-HbAxo8Xvr5Y9f6EFpyyF4-XwhXOt4C7CTRl1cCUZba9K01-ordTSsoF7qt5CfDtn22Pd0OHfPRNA8esWB0JYdfS7ZnolPSKpm5T9aC8DEZ9oP3LOwsgr5rCLg0ubHRa1zaky-3wniaqTdpbNY9QbpRjpB8VkIqf7tTzxOZRI1rUfmlygwbrXuPsgRBUw&amp;__tn__=*NK-R\">#lodelmomentolojaLDM<\/a><\/div>\n<\/div>\n","protected":false},"excerpt":{"rendered":"<p>#Nacional | Ecuador consigue medalla de plata. La lojana Mar\u00eda Loreto Arias, se llev\u00f3 la&#8230;<\/p>\n","protected":false},"author":1,"featured_media":6578,"comment_status":"open","ping_status":"open","sticky":false,"template":"","format":"standard","meta":{"footnotes":""},"categories":[4,5],"tags":[],"class_list":["post-6577","post","type-post","status-publish","format-standard","has-post-thumbnail","hentry","category-internacional","category-loja"],"_links":{"self":[{"href":"https:\/\/www.lodelmomentoloja.com\/index.php?rest_route=\/wp\/v2\/posts\/6577"}],"collection":[{"href":"https:\/\/www.lodelmomentoloja.com\/index.php?rest_route=\/wp\/v2\/posts"}],"about":[{"href":"https:\/\/www.lodelmomentoloja.com\/index.php?rest_route=\/wp\/v2\/types\/post"}],"author":[{"embeddable":true,"href":"https:\/\/www.lodelmomentoloja.com\/index.php?rest_route=\/wp\/v2\/users\/1"}],"replies":[{"embeddable":true,"href":"https:\/\/www.lodelmomentoloja.com\/index.php?rest_route=%2Fwp%2Fv2%2Fcomments&post=6577"}],"version-history":[{"count":1,"href":"https:\/\/www.lodelmomentoloja.com\/index.php?rest_route=\/wp\/v2\/posts\/6577\/revisions"}],"predecessor-version":[{"id":6579,"href":"https:\/\/www.lodelmomentoloja.com\/index.php?rest_route=\/wp\/v2\/posts\/6577\/revisions\/6579"}],"wp:featuredmedia":[{"embeddable":true,"href":"https:\/\/www.lodelmomentoloja.com\/index.php?rest_route=\/wp\/v2\/media\/6578"}],"wp:attachment":[{"href":"https:\/\/www.lodelmomentoloja.com\/index.php?rest_route=%2Fwp%2Fv2%2Fmedia&parent=6577"}],"wp:term":[{"taxonomy":"category","embeddable":true,"href":"https:\/\/www.lodelmomentoloja.com\/index.php?rest_route=%2Fwp%2Fv2%2Fcategories&post=6577"},{"taxonomy":"post_tag","embeddable":true,"href":"https:\/\/www.lodelmomentoloja.com\/index.php?rest_route=%2Fwp%2Fv2%2Ftags&post=6577"}],"curies":[{"name":"wp","href":"https:\/\/api.w.org\/{rel}","templated":true}]}}