{"id":6566,"date":"2021-11-30T08:00:43","date_gmt":"2021-11-30T08:00:43","guid":{"rendered":"https:\/\/www.lodelmomentoloja.com\/?p=6566"},"modified":"2021-12-29T19:15:29","modified_gmt":"2021-12-29T19:15:29","slug":"fiestas-de-celica-por-143-anos-de-cantonizacion","status":"publish","type":"post","link":"https:\/\/www.lodelmomentoloja.com\/?p=6566","title":{"rendered":"Fiestas de Celica por 143 a\u00f1os de cantonizaci\u00f3n"},"content":{"rendered":"<p><strong>La agenda de actividades por los 143 a\u00f1os de cantonizaci\u00f3n<\/strong> se ha hecho p\u00fablico mediante las diferentes redes sociales del Ing. Oswaldo Rom\u00e1n, Alcalde de Celica, esta estar\u00e1 cargada de m\u00fasica, festival de luces y eventos generales, iniciando desde el 3 de diciembre hasta el 12 de diciembre del 2021.<\/p>\n<p>&nbsp;<\/p>\n<h3><strong>Los eventos m\u00e1s destacados<\/strong><\/h3>\n<ul>\n<li>El<strong> viernes 03 de diciembre<\/strong> se dar\u00e1 la noche de luces y la iluminaci\u00f3n del Parque Central de Celica, acompa\u00f1a de un evento gratuito con la presentaci\u00f3n de Juan Pablo Aleaga, <strong>Yo Me Llamo Jos\u00e9 Jos\u00e9<\/strong> ecuatoriano.<\/li>\n<li><strong>S\u00e1bado 04 de diciembre<\/strong> desde el Coliseo ciudad de Celica, no puede faltar el evento galante de la<strong> Coronaci\u00f3n de Dayana Jumbo como de la Reina del cant\u00f3n<\/strong>, en el mismo evento <strong>Los \u00c1ngeles Negros desde Chile y la para bailar La Sonora Dinamita<\/strong>.<\/li>\n<li>Finalmente, el <strong>domingo 12 de diciembre<\/strong>, al aire libre en el Parque Central por el cierre de fiestas, desde Colombia <strong>Las Musas del Vallenato<\/strong> y Los Hermanos Jim\u00e9nez.<\/li>\n<\/ul>\n<p>.<\/p>\n<p>Estas festividades aspira atraer la mirada de propios extra\u00f1os hacia un cant\u00f3n lleno de gente buena y tradiciones propias de la provincia de Loja.<\/p>\n<p>&#8220;Nuestro cant\u00f3n Celica est\u00e1 de aniversario, vamos a festejar cumpliendo con las medidas de bioseguridad. Todos invitados del 03 al 12 de diciembre de 2021 para visitar nuestro cant\u00f3n, un destino lleno de costumbres, tradiciones, deliciosa gastronom\u00eda y gente trabajadora&#8221; menciona el burgomaestre Rom\u00e1n Calero en sus redes sociales.<\/p>\n<p><em>S\u00edguenos #LDMnoticias \u00f3 #lodelmomentolojaLDM<\/em><\/p>\n","protected":false},"excerpt":{"rendered":"<p>La agenda de actividades por los 143 a\u00f1os de cantonizaci\u00f3n se ha hecho p\u00fablico mediante&#8230;<\/p>\n","protected":false},"author":1,"featured_media":6567,"comment_status":"open","ping_status":"open","sticky":false,"template":"","format":"standard","meta":{"footnotes":""},"categories":[1,5],"tags":[],"class_list":["post-6566","post","type-post","status-publish","format-standard","has-post-thumbnail","hentry","category-inicio","category-loja"],"_links":{"self":[{"href":"https:\/\/www.lodelmomentoloja.com\/index.php?rest_route=\/wp\/v2\/posts\/6566"}],"collection":[{"href":"https:\/\/www.lodelmomentoloja.com\/index.php?rest_route=\/wp\/v2\/posts"}],"about":[{"href":"https:\/\/www.lodelmomentoloja.com\/index.php?rest_route=\/wp\/v2\/types\/post"}],"author":[{"embeddable":true,"href":"https:\/\/www.lodelmomentoloja.com\/index.php?rest_route=\/wp\/v2\/users\/1"}],"replies":[{"embeddable":true,"href":"https:\/\/www.lodelmomentoloja.com\/index.php?rest_route=%2Fwp%2Fv2%2Fcomments&post=6566"}],"version-history":[{"count":2,"href":"https:\/\/www.lodelmomentoloja.com\/index.php?rest_route=\/wp\/v2\/posts\/6566\/revisions"}],"predecessor-version":[{"id":6569,"href":"https:\/\/www.lodelmomentoloja.com\/index.php?rest_route=\/wp\/v2\/posts\/6566\/revisions\/6569"}],"wp:featuredmedia":[{"embeddable":true,"href":"https:\/\/www.lodelmomentoloja.com\/index.php?rest_route=\/wp\/v2\/media\/6567"}],"wp:attachment":[{"href":"https:\/\/www.lodelmomentoloja.com\/index.php?rest_route=%2Fwp%2Fv2%2Fmedia&parent=6566"}],"wp:term":[{"taxonomy":"category","embeddable":true,"href":"https:\/\/www.lodelmomentoloja.com\/index.php?rest_route=%2Fwp%2Fv2%2Fcategories&post=6566"},{"taxonomy":"post_tag","embeddable":true,"href":"https:\/\/www.lodelmomentoloja.com\/index.php?rest_route=%2Fwp%2Fv2%2Ftags&post=6566"}],"curies":[{"name":"wp","href":"https:\/\/api.w.org\/{rel}","templated":true}]}}