{"id":6560,"date":"2021-11-29T15:12:49","date_gmt":"2021-11-29T15:12:49","guid":{"rendered":"https:\/\/www.lodelmomentoloja.com\/?p=6560"},"modified":"2021-12-29T19:13:02","modified_gmt":"2021-12-29T19:13:02","slug":"declaran-nueva-reserva-marina-en-ecuador","status":"publish","type":"post","link":"https:\/\/www.lodelmomentoloja.com\/?p=6560","title":{"rendered":"Declaran nueva reserva marina en Ecuador."},"content":{"rendered":"<div class=\"\" data-block=\"true\" data-editor=\"fq46u\" data-offset-key=\"9feub-0-0\">\n<div class=\"_1mf _1mj\" data-offset-key=\"9feub-0-0\"><span class=\"diy96o5h\"><span data-offset-key=\"9feub-0-0\">#Nacional<\/span><\/span><span data-offset-key=\"9feub-1-0\"> | <\/span><span data-offset-key=\"9feub-2-0\">Declaran<\/span><span data-offset-key=\"9feub-3-0\"> nueva reserva marina en Ecuador.<\/span><\/div>\n<\/div>\n<div class=\"\" data-block=\"true\" data-editor=\"fq46u\" data-offset-key=\"7rea7-0-0\">\n<div class=\"_1mf _1mj\" data-offset-key=\"7rea7-0-0\"><span data-offset-key=\"7rea7-0-0\">\u00a0<\/span><\/div>\n<\/div>\n<div class=\"\" data-block=\"true\" data-editor=\"fq46u\" data-offset-key=\"3ric8-0-0\">\n<div class=\"_1mf _1mj\" data-offset-key=\"3ric8-0-0\"><span data-offset-key=\"3ric8-0-0\">El gobierno anunci\u00f3 la creaci\u00f3n de la nueva \u00e1rea protegida de la Reserva Marina Puerto Cabuyal-Punta San Clemente, en la provincia costera de Manab\u00ed (oeste), una zona de formaciones coralinas, bajos rocosos y playas de anidaci\u00f3n de tortugas marinas.<\/span><\/div>\n<\/div>\n<div class=\"\" data-block=\"true\" data-editor=\"fq46u\" data-offset-key=\"cjdvk-0-0\">\n<div class=\"_1mf _1mj\" data-offset-key=\"cjdvk-0-0\"><span data-offset-key=\"cjdvk-0-0\">\u00a0<\/span><\/div>\n<\/div>\n<div class=\"\" data-block=\"true\" data-editor=\"fq46u\" data-offset-key=\"422j4-0-0\">\n<div class=\"_1mf _1mj\" data-offset-key=\"422j4-0-0\"><span data-offset-key=\"422j4-0-0\">El Ministerio del Ambiente, Agua y Transici\u00f3n Ecol\u00f3gica inform\u00f3 que la nueva reserva cubre un \u00e1rea de 130.427 hect\u00e1reas, que se extienden desde Punta Ballena en el cant\u00f3n Jama, hasta Punta San Clemente, en el cant\u00f3n Sucre.<\/span><\/div>\n<\/div>\n<div class=\"\" data-block=\"true\" data-editor=\"fq46u\" data-offset-key=\"8acrq-0-0\">\n<div class=\"_1mf _1mj\" data-offset-key=\"8acrq-0-0\"><span data-offset-key=\"8acrq-0-0\">\u00a0<\/span><\/div>\n<\/div>\n<div class=\"\" data-block=\"true\" data-editor=\"fq46u\" data-offset-key=\"31s2u-0-0\">\n<div class=\"_1mf _1mj\" data-offset-key=\"31s2u-0-0\"><span data-offset-key=\"31s2u-0-0\">Seg\u00fan el Gobierno, la nueva \u00e1rea protegida contribuir\u00e1 a la conservaci\u00f3n de varias especies ic\u00f3nicas y en peligro de extinci\u00f3n, como los tiburones martillo (Sphyrna lewini), cuyos neonatos y juveniles deambulan por las aguas de la reserva.<\/span><\/div>\n<\/div>\n<div class=\"\" data-block=\"true\" data-editor=\"fq46u\" data-offset-key=\"e6lqr-0-0\">\n<div class=\"_1mf _1mj\" data-offset-key=\"e6lqr-0-0\"><span data-offset-key=\"e6lqr-0-0\">\u00a0<\/span><\/div>\n<\/div>\n<div class=\"\" data-block=\"true\" data-editor=\"fq46u\" data-offset-key=\"4tvmf-0-0\">\n<div class=\"_1mf _1mj\" data-offset-key=\"4tvmf-0-0\"><span class=\"py34i1dx\"><span data-offset-key=\"4tvmf-0-0\">www.lodelmomentoloja.com<\/span><\/span><\/div>\n<\/div>\n<div class=\"\" data-block=\"true\" data-editor=\"fq46u\" data-offset-key=\"fs13d-0-0\">\n<div class=\"_1mf _1mj\" data-offset-key=\"fs13d-0-0\"><span class=\"diy96o5h\"><span data-offset-key=\"fs13d-0-0\">#LDMnoticias<\/span><\/span> <span class=\"diy96o5h\"><span data-offset-key=\"fs13d-2-0\">#lodelmomentolojaLDM<\/span><\/span><\/div>\n<\/div>\n","protected":false},"excerpt":{"rendered":"<p>#Nacional | Declaran nueva reserva marina en Ecuador. \u00a0 El gobierno anunci\u00f3 la creaci\u00f3n de&#8230;<\/p>\n","protected":false},"author":1,"featured_media":6556,"comment_status":"open","ping_status":"open","sticky":false,"template":"","format":"standard","meta":{"footnotes":""},"categories":[7],"tags":[],"class_list":["post-6560","post","type-post","status-publish","format-standard","has-post-thumbnail","hentry","category-ecuador"],"_links":{"self":[{"href":"https:\/\/www.lodelmomentoloja.com\/index.php?rest_route=\/wp\/v2\/posts\/6560"}],"collection":[{"href":"https:\/\/www.lodelmomentoloja.com\/index.php?rest_route=\/wp\/v2\/posts"}],"about":[{"href":"https:\/\/www.lodelmomentoloja.com\/index.php?rest_route=\/wp\/v2\/types\/post"}],"author":[{"embeddable":true,"href":"https:\/\/www.lodelmomentoloja.com\/index.php?rest_route=\/wp\/v2\/users\/1"}],"replies":[{"embeddable":true,"href":"https:\/\/www.lodelmomentoloja.com\/index.php?rest_route=%2Fwp%2Fv2%2Fcomments&post=6560"}],"version-history":[{"count":1,"href":"https:\/\/www.lodelmomentoloja.com\/index.php?rest_route=\/wp\/v2\/posts\/6560\/revisions"}],"predecessor-version":[{"id":6561,"href":"https:\/\/www.lodelmomentoloja.com\/index.php?rest_route=\/wp\/v2\/posts\/6560\/revisions\/6561"}],"wp:featuredmedia":[{"embeddable":true,"href":"https:\/\/www.lodelmomentoloja.com\/index.php?rest_route=\/wp\/v2\/media\/6556"}],"wp:attachment":[{"href":"https:\/\/www.lodelmomentoloja.com\/index.php?rest_route=%2Fwp%2Fv2%2Fmedia&parent=6560"}],"wp:term":[{"taxonomy":"category","embeddable":true,"href":"https:\/\/www.lodelmomentoloja.com\/index.php?rest_route=%2Fwp%2Fv2%2Fcategories&post=6560"},{"taxonomy":"post_tag","embeddable":true,"href":"https:\/\/www.lodelmomentoloja.com\/index.php?rest_route=%2Fwp%2Fv2%2Ftags&post=6560"}],"curies":[{"name":"wp","href":"https:\/\/api.w.org\/{rel}","templated":true}]}}