{"id":6530,"date":"2021-11-29T10:00:18","date_gmt":"2021-11-29T10:00:18","guid":{"rendered":"https:\/\/www.lodelmomentoloja.com\/?p=6530"},"modified":"2021-12-29T19:13:18","modified_gmt":"2021-12-29T19:13:18","slug":"ley-economica-urgente-pasara-por-el-ministerio-de-ley","status":"publish","type":"post","link":"https:\/\/www.lodelmomentoloja.com\/?p=6530","title":{"rendered":"Ley Econ\u00f3mica urgente pasar\u00e1 por el Ministerio de Ley"},"content":{"rendered":"<p>Este pasado viernes fue uno de sorpresas en la Asamblea Nacional, mediante la \u00faltima sesi\u00f3n del pleno ni aprob\u00f3, ni neg\u00f3 y mucho menos archiv\u00f3 el proyecto de Ley de Desarrollo econ\u00f3mico urgente enviado por el Gobierno del presidente Guillermo Lasso.<\/p>\n<p>&nbsp;<\/p>\n<p>Tras varias acciones legislativas,\u00a0 por moci\u00f3n presentada por asamble\u00edsta Mireya Pazmi\u00f1o de Pachakutik buscaba negar y archivar el Proyecto de Ley Econ\u00f3mico Urgente; sin embargo, la votaci\u00f3n no alcanz\u00f3,\u00a0 con 81 abstenciones entre la Bancada de UNES y del oficialismo, dej\u00f3 la puerta abierta para el documento entre por el Ministerio de la Ley, sin ning\u00fan cambio.<\/p>\n<p>&nbsp;<\/p>\n<div class=\"css-1dbjc4n\">\n<div id=\"id__96bosyov1wv\" class=\"css-901oao r-18jsvk2 r-37j5jr r-a023e6 r-16dba41 r-rjixqe r-bcqeeo r-bnwqim r-qvutc0\" dir=\"auto\" lang=\"es\"><span class=\"css-901oao css-16my406 r-poiln3 r-bcqeeo r-qvutc0\">&#8220;El Proyecto Econ\u00f3mico Urgente ingresar\u00eda por el Ministerio de la Ley \u00edntegro como lleg\u00f3. El pueblo ecuatoriano es quien asumir\u00e1 las consecuencias&#8221; mencionaba a Mireya Pazmi\u00f1o en sus redes sociales luego del proceso parlamentario.<\/span><\/div>\n<div dir=\"auto\" lang=\"es\"><\/div>\n<div dir=\"auto\" lang=\"es\"><img loading=\"lazy\" decoding=\"async\" class=\"alignnone wp-image-6536\" src=\"http:\/\/www.lodelmomentoloja.com\/wp-content\/uploads\/2021\/11\/tgyu.jpg\" alt=\"\" width=\"525\" height=\"527\" srcset=\"https:\/\/www.lodelmomentoloja.com\/wp-content\/uploads\/2021\/11\/tgyu.jpg 771w, https:\/\/www.lodelmomentoloja.com\/wp-content\/uploads\/2021\/11\/tgyu-300x300.jpg 300w, https:\/\/www.lodelmomentoloja.com\/wp-content\/uploads\/2021\/11\/tgyu-150x150.jpg 150w, https:\/\/www.lodelmomentoloja.com\/wp-content\/uploads\/2021\/11\/tgyu-768x771.jpg 768w, https:\/\/www.lodelmomentoloja.com\/wp-content\/uploads\/2021\/11\/tgyu-640x642.jpg 640w, https:\/\/www.lodelmomentoloja.com\/wp-content\/uploads\/2021\/11\/tgyu-50x50.jpg 50w\" sizes=\"(max-width: 525px) 100vw, 525px\" \/><\/div>\n<\/div>\n<div dir=\"auto\" lang=\"es\"><a href=\"https:\/\/twitter.com\/mireyapaza\/status\/1464398871983968260\">https:\/\/twitter.com\/mireyapaza\/status\/1464398871983968260<\/a><\/div>\n<div dir=\"auto\" lang=\"es\"><\/div>\n<div dir=\"auto\" lang=\"es\">.<\/div>\n<div dir=\"auto\" lang=\"es\">Acto seguido, fueron los pronunciamiento de las bancadas de ID, PSC y PK, calificando de un &#8220;pacto&#8221; entre UNES y el Gobierno tras la votaci\u00f3n.<\/div>\n<div dir=\"auto\" lang=\"es\"><\/div>\n<p>Desde este lunes, ya han existido varios pronunciamientos y uno de ellos, fue el de Homero Castanier , Viceministro de Gobernabilidad, la presidencia de la Rep\u00fablica ya ha sido notificada de manera oficial por el pronunciamiento de la Asamblea Nacional: &#8220;No hubo votaci\u00f3n para votar, para negarla, para modificarla; es decir, entra por el Ministerio de la Ley. <strong>El d\u00eda de hoy ser\u00e1 enviada enviada al Registro Oficial para que sea publicada y sea ejecutada como ley de la rep\u00fablica<\/strong>&#8221; expres\u00f3 para un medio radial.<\/p>\n<p>&nbsp;<\/p>\n<p><em>S\u00edguenos con el #LDMnoticias #lodelmomentolojaLDM<\/em><\/p>\n<p>&nbsp;<\/p>\n<p>&nbsp;<\/p>\n<p>&nbsp;<\/p>\n","protected":false},"excerpt":{"rendered":"<p>Este pasado viernes fue uno de sorpresas en la Asamblea Nacional, mediante la \u00faltima sesi\u00f3n&#8230;<\/p>\n","protected":false},"author":1,"featured_media":6531,"comment_status":"open","ping_status":"open","sticky":false,"template":"","format":"standard","meta":{"footnotes":""},"categories":[7,1],"tags":[],"class_list":["post-6530","post","type-post","status-publish","format-standard","has-post-thumbnail","hentry","category-ecuador","category-inicio"],"_links":{"self":[{"href":"https:\/\/www.lodelmomentoloja.com\/index.php?rest_route=\/wp\/v2\/posts\/6530"}],"collection":[{"href":"https:\/\/www.lodelmomentoloja.com\/index.php?rest_route=\/wp\/v2\/posts"}],"about":[{"href":"https:\/\/www.lodelmomentoloja.com\/index.php?rest_route=\/wp\/v2\/types\/post"}],"author":[{"embeddable":true,"href":"https:\/\/www.lodelmomentoloja.com\/index.php?rest_route=\/wp\/v2\/users\/1"}],"replies":[{"embeddable":true,"href":"https:\/\/www.lodelmomentoloja.com\/index.php?rest_route=%2Fwp%2Fv2%2Fcomments&post=6530"}],"version-history":[{"count":7,"href":"https:\/\/www.lodelmomentoloja.com\/index.php?rest_route=\/wp\/v2\/posts\/6530\/revisions"}],"predecessor-version":[{"id":6539,"href":"https:\/\/www.lodelmomentoloja.com\/index.php?rest_route=\/wp\/v2\/posts\/6530\/revisions\/6539"}],"wp:featuredmedia":[{"embeddable":true,"href":"https:\/\/www.lodelmomentoloja.com\/index.php?rest_route=\/wp\/v2\/media\/6531"}],"wp:attachment":[{"href":"https:\/\/www.lodelmomentoloja.com\/index.php?rest_route=%2Fwp%2Fv2%2Fmedia&parent=6530"}],"wp:term":[{"taxonomy":"category","embeddable":true,"href":"https:\/\/www.lodelmomentoloja.com\/index.php?rest_route=%2Fwp%2Fv2%2Fcategories&post=6530"},{"taxonomy":"post_tag","embeddable":true,"href":"https:\/\/www.lodelmomentoloja.com\/index.php?rest_route=%2Fwp%2Fv2%2Ftags&post=6530"}],"curies":[{"name":"wp","href":"https:\/\/api.w.org\/{rel}","templated":true}]}}