{"id":6369,"date":"2021-11-17T09:24:23","date_gmt":"2021-11-17T09:24:23","guid":{"rendered":"https:\/\/www.lodelmomentoloja.com\/?p=6369"},"modified":"2021-11-17T14:25:46","modified_gmt":"2021-11-17T14:25:46","slug":"inicia-el-fiav-loja-2021","status":"publish","type":"post","link":"https:\/\/www.lodelmomentoloja.com\/?p=6369","title":{"rendered":"Inicia el  FIAV Loja 2021"},"content":{"rendered":"<p>#Loja | Inicia el Festival Internacional de Artes Vivas.<\/p>\n<p>La ciudad del arte, se viste de gala para iniciar la 6ta edici\u00f3n del Festival Internacional de Artes Vivas de Loja, con alrededor de 300 actividades culturales que se desarrollar\u00e1n en teatros, centros culturales y calles de Loja.<\/p>\n<p>Este evento cultural empieza con el desfile de alegor\u00edas que iniciar\u00e1 en San Sebasti\u00e1n, a las 14:00, recorrer\u00e1 las calles Bol\u00edvar, Col\u00f3n y Olmedo para finalizar en la Plaza de la Cultura. Participar\u00e1n agrupaciones municipales y de danza de la localidad, en esta ocasi\u00f3n no habr\u00e1 la presencia de establecimientos educativos debido a la pandemia.<\/p>\n<p>Esta misma noche, a las 19:00, en el Teatro Benjam\u00edn Carri\u00f3n se realizar\u00e1 la inauguraci\u00f3n del Festival Internacional de Artes Vivas, luego a las 20:00, en la plaza de San Sebasti\u00e1n, habr\u00e1 la Noche de la Lojanidad, en la que actuar\u00e1 la orquesta Los Cumbancheros y Gustavo Vel\u00e1squez.<\/p>\n<p>Todos los eventos podr\u00e1n verlos en el portal web https:\/\/festivaldeloja.com\/<\/p>\n<p>www.lodelmomentoloja.com<br \/>\n#LDMnoticias #lodelmomentolojaLDM<\/p>\n","protected":false},"excerpt":{"rendered":"<p>#Loja | Inicia el Festival Internacional de Artes Vivas. La ciudad del arte, se viste&#8230;<\/p>\n","protected":false},"author":1,"featured_media":6370,"comment_status":"open","ping_status":"open","sticky":false,"template":"","format":"standard","meta":{"footnotes":""},"categories":[4,5],"tags":[],"class_list":["post-6369","post","type-post","status-publish","format-standard","has-post-thumbnail","hentry","category-internacional","category-loja"],"_links":{"self":[{"href":"https:\/\/www.lodelmomentoloja.com\/index.php?rest_route=\/wp\/v2\/posts\/6369"}],"collection":[{"href":"https:\/\/www.lodelmomentoloja.com\/index.php?rest_route=\/wp\/v2\/posts"}],"about":[{"href":"https:\/\/www.lodelmomentoloja.com\/index.php?rest_route=\/wp\/v2\/types\/post"}],"author":[{"embeddable":true,"href":"https:\/\/www.lodelmomentoloja.com\/index.php?rest_route=\/wp\/v2\/users\/1"}],"replies":[{"embeddable":true,"href":"https:\/\/www.lodelmomentoloja.com\/index.php?rest_route=%2Fwp%2Fv2%2Fcomments&post=6369"}],"version-history":[{"count":1,"href":"https:\/\/www.lodelmomentoloja.com\/index.php?rest_route=\/wp\/v2\/posts\/6369\/revisions"}],"predecessor-version":[{"id":6371,"href":"https:\/\/www.lodelmomentoloja.com\/index.php?rest_route=\/wp\/v2\/posts\/6369\/revisions\/6371"}],"wp:featuredmedia":[{"embeddable":true,"href":"https:\/\/www.lodelmomentoloja.com\/index.php?rest_route=\/wp\/v2\/media\/6370"}],"wp:attachment":[{"href":"https:\/\/www.lodelmomentoloja.com\/index.php?rest_route=%2Fwp%2Fv2%2Fmedia&parent=6369"}],"wp:term":[{"taxonomy":"category","embeddable":true,"href":"https:\/\/www.lodelmomentoloja.com\/index.php?rest_route=%2Fwp%2Fv2%2Fcategories&post=6369"},{"taxonomy":"post_tag","embeddable":true,"href":"https:\/\/www.lodelmomentoloja.com\/index.php?rest_route=%2Fwp%2Fv2%2Ftags&post=6369"}],"curies":[{"name":"wp","href":"https:\/\/api.w.org\/{rel}","templated":true}]}}