{"id":6347,"date":"2021-11-15T14:14:15","date_gmt":"2021-11-15T14:14:15","guid":{"rendered":"https:\/\/www.lodelmomentoloja.com\/?p=6347"},"modified":"2021-11-15T19:14:32","modified_gmt":"2021-11-15T19:14:32","slug":"globos-aerostaticos-en-quito","status":"publish","type":"post","link":"https:\/\/www.lodelmomentoloja.com\/?p=6347","title":{"rendered":"Globos aerost\u00e1ticos en Quito."},"content":{"rendered":"<div class=\"kvgmc6g5 cxmmr5t8 oygrvhab hcukyx3x c1et5uql ii04i59q\">\n<div dir=\"auto\"><a class=\"oajrlxb2 g5ia77u1 qu0x051f esr5mh6w e9989ue4 r7d6kgcz rq0escxv nhd2j8a9 nc684nl6 p7hjln8o kvgmc6g5 cxmmr5t8 oygrvhab hcukyx3x jb3vyjys rz4wbd8a qt6c0cv9 a8nywdso i1ao9s8h esuyzwwr f1sip0of lzcic4wl q66pz984 gpro0wi8 b1v8xokw\" tabindex=\"0\" role=\"link\" href=\"https:\/\/www.facebook.com\/hashtag\/ecuador?__eep__=6&amp;__cft__[0]=AZXeTjqKTKGxEna5NWrtVompl-c0tI3SrdBPihq_CyfSXjuYYvHlugDSatf33jGhjV3cmYqJJImg2hbyt1xxMLLDonO-QldqwZC8f4yJG4lakinWV6dRSck8SlZWvSdK5untKrgykM6nNGBuai_EMIQj1XrEkuBGSVUCAvBjD_55Lgg5aHhXq5y2q2imv7Xj_9A&amp;__tn__=*NK-R\">#Ecuador<\/a> | Globos aerost\u00e1ticos en Quito.<\/div>\n<div dir=\"auto\"><\/div>\n<\/div>\n<div class=\"o9v6fnle cxmmr5t8 oygrvhab hcukyx3x c1et5uql ii04i59q\">\n<div dir=\"auto\">La Mitad del Mundo, en el norte de Quito, acoger\u00e1 en diciembre del 2022 el primer Festival Internacional de Globos Aerost\u00e1ticos. Se prev\u00e9 que unas 150.000 personas de todo el mundo puedan \u00abviajar al cielo\u00bb.<\/div>\n<div dir=\"auto\"><\/div>\n<\/div>\n<div class=\"o9v6fnle cxmmr5t8 oygrvhab hcukyx3x c1et5uql ii04i59q\">\n<div dir=\"auto\">Ser\u00e1n alrededor de unos 40 globos aerost\u00e1ticos gigantes, entre ellos cuatro dirigibles, que se elevar\u00e1n en la Mitad del Mundo el 3 de diciembre de 2022. As\u00ed lo anunci\u00f3 la prefecta Paola Pab\u00f3n, tras afirmar que el Festival prev\u00e9 durar cuatro d\u00edas y tres noches.<\/div>\n<\/div>\n<div class=\"o9v6fnle cxmmr5t8 oygrvhab hcukyx3x c1et5uql ii04i59q\">\n<div dir=\"auto\">Recalc\u00f3 que el festival calcula atraer a unos 150.000 visitantes de todo el mundo, especialmente de pa\u00edses vecinos como Colombia, Per\u00fa y Bolivia, as\u00ed como de EE.UU., Canad\u00e1 o Europa.<\/div>\n<div dir=\"auto\"><\/div>\n<\/div>\n<div class=\"o9v6fnle cxmmr5t8 oygrvhab hcukyx3x c1et5uql ii04i59q\">\n<div dir=\"auto\">V\u00eda: Metro Ecuador.<\/div>\n<div dir=\"auto\"><\/div>\n<\/div>\n<div class=\"o9v6fnle cxmmr5t8 oygrvhab hcukyx3x c1et5uql ii04i59q\">\n<div dir=\"auto\"><a class=\"oajrlxb2 g5ia77u1 qu0x051f esr5mh6w e9989ue4 r7d6kgcz rq0escxv nhd2j8a9 nc684nl6 p7hjln8o kvgmc6g5 cxmmr5t8 oygrvhab hcukyx3x jb3vyjys rz4wbd8a qt6c0cv9 a8nywdso i1ao9s8h esuyzwwr f1sip0of lzcic4wl py34i1dx gpro0wi8\" tabindex=\"0\" role=\"link\" href=\"http:\/\/www.lodelmomentoloja.com\/?fbclid=IwAR1P0Kxdxf5KElMQtGPbSKIdnCg2THK9G9vum7g02TjRRJbrs0LjqGrZhD4\" target=\"_blank\" rel=\"nofollow noopener\">www.lodelmomentoloja.com<\/a><\/div>\n<div dir=\"auto\"><a class=\"oajrlxb2 g5ia77u1 qu0x051f esr5mh6w e9989ue4 r7d6kgcz rq0escxv nhd2j8a9 nc684nl6 p7hjln8o kvgmc6g5 cxmmr5t8 oygrvhab hcukyx3x jb3vyjys rz4wbd8a qt6c0cv9 a8nywdso i1ao9s8h esuyzwwr f1sip0of lzcic4wl q66pz984 gpro0wi8 b1v8xokw\" tabindex=\"0\" role=\"link\" href=\"https:\/\/www.facebook.com\/hashtag\/ldmnoticias?__eep__=6&amp;__cft__[0]=AZXeTjqKTKGxEna5NWrtVompl-c0tI3SrdBPihq_CyfSXjuYYvHlugDSatf33jGhjV3cmYqJJImg2hbyt1xxMLLDonO-QldqwZC8f4yJG4lakinWV6dRSck8SlZWvSdK5untKrgykM6nNGBuai_EMIQj1XrEkuBGSVUCAvBjD_55Lgg5aHhXq5y2q2imv7Xj_9A&amp;__tn__=*NK-R\">#LDMnoticias<\/a> <a class=\"oajrlxb2 g5ia77u1 qu0x051f esr5mh6w e9989ue4 r7d6kgcz rq0escxv nhd2j8a9 nc684nl6 p7hjln8o kvgmc6g5 cxmmr5t8 oygrvhab hcukyx3x jb3vyjys rz4wbd8a qt6c0cv9 a8nywdso i1ao9s8h esuyzwwr f1sip0of lzcic4wl q66pz984 gpro0wi8 b1v8xokw\" tabindex=\"0\" role=\"link\" href=\"https:\/\/www.facebook.com\/hashtag\/lodelmomentolojaldm?__eep__=6&amp;__cft__[0]=AZXeTjqKTKGxEna5NWrtVompl-c0tI3SrdBPihq_CyfSXjuYYvHlugDSatf33jGhjV3cmYqJJImg2hbyt1xxMLLDonO-QldqwZC8f4yJG4lakinWV6dRSck8SlZWvSdK5untKrgykM6nNGBuai_EMIQj1XrEkuBGSVUCAvBjD_55Lgg5aHhXq5y2q2imv7Xj_9A&amp;__tn__=*NK-R\">#lodelmomentolojaLDM<\/a><\/div>\n<\/div>\n","protected":false},"excerpt":{"rendered":"<p>#Ecuador | Globos aerost\u00e1ticos en Quito. La Mitad del Mundo, en el norte de Quito,&#8230;<\/p>\n","protected":false},"author":1,"featured_media":6348,"comment_status":"open","ping_status":"open","sticky":false,"template":"","format":"standard","meta":{"footnotes":""},"categories":[1],"tags":[],"class_list":["post-6347","post","type-post","status-publish","format-standard","has-post-thumbnail","hentry","category-inicio"],"_links":{"self":[{"href":"https:\/\/www.lodelmomentoloja.com\/index.php?rest_route=\/wp\/v2\/posts\/6347"}],"collection":[{"href":"https:\/\/www.lodelmomentoloja.com\/index.php?rest_route=\/wp\/v2\/posts"}],"about":[{"href":"https:\/\/www.lodelmomentoloja.com\/index.php?rest_route=\/wp\/v2\/types\/post"}],"author":[{"embeddable":true,"href":"https:\/\/www.lodelmomentoloja.com\/index.php?rest_route=\/wp\/v2\/users\/1"}],"replies":[{"embeddable":true,"href":"https:\/\/www.lodelmomentoloja.com\/index.php?rest_route=%2Fwp%2Fv2%2Fcomments&post=6347"}],"version-history":[{"count":2,"href":"https:\/\/www.lodelmomentoloja.com\/index.php?rest_route=\/wp\/v2\/posts\/6347\/revisions"}],"predecessor-version":[{"id":6350,"href":"https:\/\/www.lodelmomentoloja.com\/index.php?rest_route=\/wp\/v2\/posts\/6347\/revisions\/6350"}],"wp:featuredmedia":[{"embeddable":true,"href":"https:\/\/www.lodelmomentoloja.com\/index.php?rest_route=\/wp\/v2\/media\/6348"}],"wp:attachment":[{"href":"https:\/\/www.lodelmomentoloja.com\/index.php?rest_route=%2Fwp%2Fv2%2Fmedia&parent=6347"}],"wp:term":[{"taxonomy":"category","embeddable":true,"href":"https:\/\/www.lodelmomentoloja.com\/index.php?rest_route=%2Fwp%2Fv2%2Fcategories&post=6347"},{"taxonomy":"post_tag","embeddable":true,"href":"https:\/\/www.lodelmomentoloja.com\/index.php?rest_route=%2Fwp%2Fv2%2Ftags&post=6347"}],"curies":[{"name":"wp","href":"https:\/\/api.w.org\/{rel}","templated":true}]}}