{"id":6343,"date":"2021-11-15T14:12:35","date_gmt":"2021-11-15T14:12:35","guid":{"rendered":"https:\/\/www.lodelmomentoloja.com\/?p=6343"},"modified":"2021-11-15T19:12:20","modified_gmt":"2021-11-15T19:12:20","slug":"nuevo-director-del-snai-tras-el-decreto-ejecutivo-no-255","status":"publish","type":"post","link":"https:\/\/www.lodelmomentoloja.com\/?p=6343","title":{"rendered":"Nuevo director del SNAI tras el Decreto Ejecutivo No. 255."},"content":{"rendered":"<div class=\"kvgmc6g5 cxmmr5t8 oygrvhab hcukyx3x c1et5uql ii04i59q\">\n<div dir=\"auto\"><a class=\"oajrlxb2 g5ia77u1 qu0x051f esr5mh6w e9989ue4 r7d6kgcz rq0escxv nhd2j8a9 nc684nl6 p7hjln8o kvgmc6g5 cxmmr5t8 oygrvhab hcukyx3x jb3vyjys rz4wbd8a qt6c0cv9 a8nywdso i1ao9s8h esuyzwwr f1sip0of lzcic4wl q66pz984 gpro0wi8 b1v8xokw\" tabindex=\"0\" role=\"link\" href=\"https:\/\/www.facebook.com\/hashtag\/nacional?__eep__=6&amp;__cft__[0]=AZUZJbCfgTABDyz5_zvra_CovRmufstC_wXlXq0KJWkJZodYMKw2RhABJ8qoBt3zPdh4bN93XuxspcH_vdk_A-ljY4Do1fKVSg7qBegpAg55restYCP5F-bski-RZeuxgmRLZtxnCgz7-u37uAFNXbQeghEZIyAfEzWsbSD6d7VvbVEZLgq7Yoo89HjRXEXJlME&amp;__tn__=*NK-R\">#Nacional<\/a> | Nuevo director del SNAI tras el Decreto Ejecutivo No. 255.<\/div>\n<div dir=\"auto\"><\/div>\n<\/div>\n<div class=\"o9v6fnle cxmmr5t8 oygrvhab hcukyx3x c1et5uql ii04i59q\">\n<div dir=\"auto\">El presidente Guillermo Lasso le encarg\u00f3 la noche del domingo 14 de noviembre del 2021 la direcci\u00f3n de la entidad gubernamental, tras la \u00faltima masacre carcelaria registrada entre la noche del viernes 12 y la madrugada del s\u00e1bado 13 de noviembre del 2021.<\/div>\n<div dir=\"auto\"><\/div>\n<\/div>\n<div class=\"o9v6fnle cxmmr5t8 oygrvhab hcukyx3x c1et5uql ii04i59q\">\n<div dir=\"auto\">La designaci\u00f3n de Cobo se realiz\u00f3 antes de que el Presidente anunciara el cambio de la c\u00fapula militar con Orlando Fuel, como jefe del Comando Conjunto de las Fuerzas Armadas, y Luis Burbano, quien ser\u00e1 el nuevo comandante General de la Fuerza Terrestre.<\/div>\n<\/div>\n<div class=\"o9v6fnle cxmmr5t8 oygrvhab hcukyx3x c1et5uql ii04i59q\">\n<div dir=\"auto\">Cobo fue el titular de la Snai hasta el pasado 27 de septiembre. En ese entonces, dijo que \u201cno se ha resuelto el problema estructural\u201d en las c\u00e1rceles, pero que se hab\u00eda logrado disminuir la violencia.<\/div>\n<div dir=\"auto\"><\/div>\n<\/div>\n<div class=\"o9v6fnle cxmmr5t8 oygrvhab hcukyx3x c1et5uql ii04i59q\">\n<div dir=\"auto\">V\u00eda: El Comercio<\/div>\n<div dir=\"auto\"><\/div>\n<\/div>\n<div class=\"o9v6fnle cxmmr5t8 oygrvhab hcukyx3x c1et5uql ii04i59q\">\n<div dir=\"auto\"><a class=\"oajrlxb2 g5ia77u1 qu0x051f esr5mh6w e9989ue4 r7d6kgcz rq0escxv nhd2j8a9 nc684nl6 p7hjln8o kvgmc6g5 cxmmr5t8 oygrvhab hcukyx3x jb3vyjys rz4wbd8a qt6c0cv9 a8nywdso i1ao9s8h esuyzwwr f1sip0of lzcic4wl q66pz984 gpro0wi8 b1v8xokw\" tabindex=\"0\" role=\"link\" href=\"https:\/\/www.facebook.com\/hashtag\/ldmnoticias?__eep__=6&amp;__cft__[0]=AZUZJbCfgTABDyz5_zvra_CovRmufstC_wXlXq0KJWkJZodYMKw2RhABJ8qoBt3zPdh4bN93XuxspcH_vdk_A-ljY4Do1fKVSg7qBegpAg55restYCP5F-bski-RZeuxgmRLZtxnCgz7-u37uAFNXbQeghEZIyAfEzWsbSD6d7VvbVEZLgq7Yoo89HjRXEXJlME&amp;__tn__=*NK-R\">#LDMnoticias<\/a> <a class=\"oajrlxb2 g5ia77u1 qu0x051f esr5mh6w e9989ue4 r7d6kgcz rq0escxv nhd2j8a9 nc684nl6 p7hjln8o kvgmc6g5 cxmmr5t8 oygrvhab hcukyx3x jb3vyjys rz4wbd8a qt6c0cv9 a8nywdso i1ao9s8h esuyzwwr f1sip0of lzcic4wl q66pz984 gpro0wi8 b1v8xokw\" tabindex=\"0\" role=\"link\" href=\"https:\/\/www.facebook.com\/hashtag\/lodelmomentolojaldm?__eep__=6&amp;__cft__[0]=AZUZJbCfgTABDyz5_zvra_CovRmufstC_wXlXq0KJWkJZodYMKw2RhABJ8qoBt3zPdh4bN93XuxspcH_vdk_A-ljY4Do1fKVSg7qBegpAg55restYCP5F-bski-RZeuxgmRLZtxnCgz7-u37uAFNXbQeghEZIyAfEzWsbSD6d7VvbVEZLgq7Yoo89HjRXEXJlME&amp;__tn__=*NK-R\">#lodelmomentolojaLDM<\/a><\/div>\n<\/div>\n","protected":false},"excerpt":{"rendered":"<p>#Nacional | Nuevo director del SNAI tras el Decreto Ejecutivo No. 255. El presidente Guillermo&#8230;<\/p>\n","protected":false},"author":1,"featured_media":6345,"comment_status":"open","ping_status":"open","sticky":false,"template":"","format":"standard","meta":{"footnotes":""},"categories":[1],"tags":[],"class_list":["post-6343","post","type-post","status-publish","format-standard","has-post-thumbnail","hentry","category-inicio"],"_links":{"self":[{"href":"https:\/\/www.lodelmomentoloja.com\/index.php?rest_route=\/wp\/v2\/posts\/6343"}],"collection":[{"href":"https:\/\/www.lodelmomentoloja.com\/index.php?rest_route=\/wp\/v2\/posts"}],"about":[{"href":"https:\/\/www.lodelmomentoloja.com\/index.php?rest_route=\/wp\/v2\/types\/post"}],"author":[{"embeddable":true,"href":"https:\/\/www.lodelmomentoloja.com\/index.php?rest_route=\/wp\/v2\/users\/1"}],"replies":[{"embeddable":true,"href":"https:\/\/www.lodelmomentoloja.com\/index.php?rest_route=%2Fwp%2Fv2%2Fcomments&post=6343"}],"version-history":[{"count":1,"href":"https:\/\/www.lodelmomentoloja.com\/index.php?rest_route=\/wp\/v2\/posts\/6343\/revisions"}],"predecessor-version":[{"id":6346,"href":"https:\/\/www.lodelmomentoloja.com\/index.php?rest_route=\/wp\/v2\/posts\/6343\/revisions\/6346"}],"wp:featuredmedia":[{"embeddable":true,"href":"https:\/\/www.lodelmomentoloja.com\/index.php?rest_route=\/wp\/v2\/media\/6345"}],"wp:attachment":[{"href":"https:\/\/www.lodelmomentoloja.com\/index.php?rest_route=%2Fwp%2Fv2%2Fmedia&parent=6343"}],"wp:term":[{"taxonomy":"category","embeddable":true,"href":"https:\/\/www.lodelmomentoloja.com\/index.php?rest_route=%2Fwp%2Fv2%2Fcategories&post=6343"},{"taxonomy":"post_tag","embeddable":true,"href":"https:\/\/www.lodelmomentoloja.com\/index.php?rest_route=%2Fwp%2Fv2%2Ftags&post=6343"}],"curies":[{"name":"wp","href":"https:\/\/api.w.org\/{rel}","templated":true}]}}