{"id":6340,"date":"2021-11-15T14:10:59","date_gmt":"2021-11-15T14:10:59","guid":{"rendered":"https:\/\/www.lodelmomentoloja.com\/?p=6340"},"modified":"2021-11-15T19:10:19","modified_gmt":"2021-11-15T19:10:19","slug":"nueva-crisis-carcelaria-deja-varios-fallecidos","status":"publish","type":"post","link":"https:\/\/www.lodelmomentoloja.com\/?p=6340","title":{"rendered":"Nueva crisis carcelaria deja varios fallecidos."},"content":{"rendered":"<div class=\"kvgmc6g5 cxmmr5t8 oygrvhab hcukyx3x c1et5uql ii04i59q\">\n<div dir=\"auto\"><a class=\"oajrlxb2 g5ia77u1 qu0x051f esr5mh6w e9989ue4 r7d6kgcz rq0escxv nhd2j8a9 nc684nl6 p7hjln8o kvgmc6g5 cxmmr5t8 oygrvhab hcukyx3x jb3vyjys rz4wbd8a qt6c0cv9 a8nywdso i1ao9s8h esuyzwwr f1sip0of lzcic4wl q66pz984 gpro0wi8 b1v8xokw\" tabindex=\"0\" role=\"link\" href=\"https:\/\/www.facebook.com\/hashtag\/ecuador?__eep__=6&amp;__cft__[0]=AZUOCDG3hGDDQQ9BcbNKV7QuEuWKDY9R3ZiakwmaOx2OaFmxcp7EnY_xwLI3ZTR66_2fir5WiUm-0UCKhekbDcw6PIH_8DdNpWvW4LcOsgqVbJgx_fASjQkwB6hAaRylfvc4jPxCNNEPaKoP8ZJxtSFs9d9ohZz-iTwz6mgR1VFz0wrGpDlIWBwOGx_dFG3a71k&amp;__tn__=*NK-R\">#Ecuador<\/a> | Nueva crisis carcelaria deja varios fallecidos.<\/div>\n<div dir=\"auto\"><\/div>\n<\/div>\n<div class=\"o9v6fnle cxmmr5t8 oygrvhab hcukyx3x c1et5uql ii04i59q\">\n<div dir=\"auto\">La Fiscal\u00eda de Ecuador report\u00f3 durante el fin de semana en su cuenta de Twitter, que al menos 68 presos murieron y otras 25 resultaron heridos en los incidentes en la Penitenciar\u00eda del Litoral en Guayaquil.<\/div>\n<div dir=\"auto\"><\/div>\n<\/div>\n<div class=\"o9v6fnle cxmmr5t8 oygrvhab hcukyx3x c1et5uql ii04i59q\">\n<div dir=\"auto\">En rueda de prensa Pablo Arosemena mencion\u00f3 que este enfrentamiento se provoc\u00f3 en el pabell\u00f3n dos, donde viven alrededor de 700 detenidos. Por su parte, el general de la Polic\u00eda, Tanya Varela, detall\u00f3 que se desat\u00f3 porque las bandas dirimen el liderazgo de ese sector luego de que un cabecilla saliera en libertad hace unos d\u00edas.<\/div>\n<div dir=\"auto\"><\/div>\n<\/div>\n<div class=\"o9v6fnle cxmmr5t8 oygrvhab hcukyx3x c1et5uql ii04i59q\">\n<div dir=\"auto\">&#8220;Seg\u00fan los v\u00eddeos difundidos en las redes sociales supuestamente publicados por los detenidos les mostraban suplicando ayuda para detener la violencia, mientras sonaban disparos y explosiones de fondo.&#8221;<\/div>\n<div dir=\"auto\"><\/div>\n<\/div>\n<div class=\"o9v6fnle cxmmr5t8 oygrvhab hcukyx3x c1et5uql ii04i59q\">\n<div dir=\"auto\"><a class=\"oajrlxb2 g5ia77u1 qu0x051f esr5mh6w e9989ue4 r7d6kgcz rq0escxv nhd2j8a9 nc684nl6 p7hjln8o kvgmc6g5 cxmmr5t8 oygrvhab hcukyx3x jb3vyjys rz4wbd8a qt6c0cv9 a8nywdso i1ao9s8h esuyzwwr f1sip0of lzcic4wl py34i1dx gpro0wi8\" tabindex=\"0\" role=\"link\" href=\"https:\/\/l.facebook.com\/l.php?u=http%3A%2F%2Fwww.lodelmomentoloja.com%2F%3Ffbclid%3DIwAR1tOVCGQvD6NhA-l596Ib1NAw8wsLhSqfpEkl_sJEeaTtmjYI9pgubaea8&amp;h=AT3BA6DSi1xBf38fCKv3j-s2JgvMH4lWZ3mwWfXm7GTYV6FAapiMh6KUczsyDK4IXjkO5jIsGhkYoGy7Cq0h7XfnU8GWN2z6MJOYRUxe_kmHfP6q7hOtCzJK6EeSJzol&amp;__tn__=-UK-R&amp;c[0]=AT1eh2RPhWsySpFVfSr8MOAi7iziYOfaOwNs6P_UZh2-DUK6DjQJqZGwxWpjrJLHSyaDmDYz1bLWS6rEy9n6Vwt2UgWmEKkRm5_pADPtn__B8u5SKUKTtDvZF2PAwwpwEPWLZ1hjAykRbOzQrbfu0GJAeOYD_gkCOiyVG58aQnV5WXzfyFHRT656yTNQejltMcqMd09q\" target=\"_blank\" rel=\"nofollow noopener\">www.lodelmomentoloja.com<\/a><\/div>\n<div dir=\"auto\"><a class=\"oajrlxb2 g5ia77u1 qu0x051f esr5mh6w e9989ue4 r7d6kgcz rq0escxv nhd2j8a9 nc684nl6 p7hjln8o kvgmc6g5 cxmmr5t8 oygrvhab hcukyx3x jb3vyjys rz4wbd8a qt6c0cv9 a8nywdso i1ao9s8h esuyzwwr f1sip0of lzcic4wl q66pz984 gpro0wi8 b1v8xokw\" tabindex=\"0\" role=\"link\" href=\"https:\/\/www.facebook.com\/hashtag\/ldmnoticias?__eep__=6&amp;__cft__[0]=AZUOCDG3hGDDQQ9BcbNKV7QuEuWKDY9R3ZiakwmaOx2OaFmxcp7EnY_xwLI3ZTR66_2fir5WiUm-0UCKhekbDcw6PIH_8DdNpWvW4LcOsgqVbJgx_fASjQkwB6hAaRylfvc4jPxCNNEPaKoP8ZJxtSFs9d9ohZz-iTwz6mgR1VFz0wrGpDlIWBwOGx_dFG3a71k&amp;__tn__=*NK-R\">#LDMnoticias<\/a> <a class=\"oajrlxb2 g5ia77u1 qu0x051f esr5mh6w e9989ue4 r7d6kgcz rq0escxv nhd2j8a9 nc684nl6 p7hjln8o kvgmc6g5 cxmmr5t8 oygrvhab hcukyx3x jb3vyjys rz4wbd8a qt6c0cv9 a8nywdso i1ao9s8h esuyzwwr f1sip0of lzcic4wl q66pz984 gpro0wi8 b1v8xokw\" tabindex=\"0\" role=\"link\" href=\"https:\/\/www.facebook.com\/hashtag\/lodelmomentolojaldm?__eep__=6&amp;__cft__[0]=AZUOCDG3hGDDQQ9BcbNKV7QuEuWKDY9R3ZiakwmaOx2OaFmxcp7EnY_xwLI3ZTR66_2fir5WiUm-0UCKhekbDcw6PIH_8DdNpWvW4LcOsgqVbJgx_fASjQkwB6hAaRylfvc4jPxCNNEPaKoP8ZJxtSFs9d9ohZz-iTwz6mgR1VFz0wrGpDlIWBwOGx_dFG3a71k&amp;__tn__=*NK-R\">#lodelmomentolojaLDM<\/a><\/div>\n<\/div>\n","protected":false},"excerpt":{"rendered":"<p>#Ecuador | Nueva crisis carcelaria deja varios fallecidos. La Fiscal\u00eda de Ecuador report\u00f3 durante el&#8230;<\/p>\n","protected":false},"author":1,"featured_media":6341,"comment_status":"open","ping_status":"open","sticky":false,"template":"","format":"standard","meta":{"footnotes":""},"categories":[1],"tags":[],"class_list":["post-6340","post","type-post","status-publish","format-standard","has-post-thumbnail","hentry","category-inicio"],"_links":{"self":[{"href":"https:\/\/www.lodelmomentoloja.com\/index.php?rest_route=\/wp\/v2\/posts\/6340"}],"collection":[{"href":"https:\/\/www.lodelmomentoloja.com\/index.php?rest_route=\/wp\/v2\/posts"}],"about":[{"href":"https:\/\/www.lodelmomentoloja.com\/index.php?rest_route=\/wp\/v2\/types\/post"}],"author":[{"embeddable":true,"href":"https:\/\/www.lodelmomentoloja.com\/index.php?rest_route=\/wp\/v2\/users\/1"}],"replies":[{"embeddable":true,"href":"https:\/\/www.lodelmomentoloja.com\/index.php?rest_route=%2Fwp%2Fv2%2Fcomments&post=6340"}],"version-history":[{"count":1,"href":"https:\/\/www.lodelmomentoloja.com\/index.php?rest_route=\/wp\/v2\/posts\/6340\/revisions"}],"predecessor-version":[{"id":6342,"href":"https:\/\/www.lodelmomentoloja.com\/index.php?rest_route=\/wp\/v2\/posts\/6340\/revisions\/6342"}],"wp:featuredmedia":[{"embeddable":true,"href":"https:\/\/www.lodelmomentoloja.com\/index.php?rest_route=\/wp\/v2\/media\/6341"}],"wp:attachment":[{"href":"https:\/\/www.lodelmomentoloja.com\/index.php?rest_route=%2Fwp%2Fv2%2Fmedia&parent=6340"}],"wp:term":[{"taxonomy":"category","embeddable":true,"href":"https:\/\/www.lodelmomentoloja.com\/index.php?rest_route=%2Fwp%2Fv2%2Fcategories&post=6340"},{"taxonomy":"post_tag","embeddable":true,"href":"https:\/\/www.lodelmomentoloja.com\/index.php?rest_route=%2Fwp%2Fv2%2Ftags&post=6340"}],"curies":[{"name":"wp","href":"https:\/\/api.w.org\/{rel}","templated":true}]}}