{"id":6336,"date":"2021-11-15T14:08:08","date_gmt":"2021-11-15T14:08:08","guid":{"rendered":"https:\/\/www.lodelmomentoloja.com\/?p=6336"},"modified":"2021-11-15T19:08:21","modified_gmt":"2021-11-15T19:08:21","slug":"bajas-del-gobierno-y-sus-reemplazos","status":"publish","type":"post","link":"https:\/\/www.lodelmomentoloja.com\/?p=6336","title":{"rendered":"Bajas del Gobierno y sus reemplazos."},"content":{"rendered":"<div class=\"kvgmc6g5 cxmmr5t8 oygrvhab hcukyx3x c1et5uql ii04i59q\">\n<div dir=\"auto\"><a class=\"oajrlxb2 g5ia77u1 qu0x051f esr5mh6w e9989ue4 r7d6kgcz rq0escxv nhd2j8a9 nc684nl6 p7hjln8o kvgmc6g5 cxmmr5t8 oygrvhab hcukyx3x jb3vyjys rz4wbd8a qt6c0cv9 a8nywdso i1ao9s8h esuyzwwr f1sip0of lzcic4wl q66pz984 gpro0wi8 b1v8xokw\" tabindex=\"0\" role=\"link\" href=\"https:\/\/www.facebook.com\/hashtag\/ecuador?__eep__=6&amp;__cft__[0]=AZUpJIQjNV4fl_ksdPAVfzZyTZudK7SVX1FasH3zkPXQJxtvIxGEollS53AE-nemCHE3kKv5Jxm-8ytBMOXCz_HRX5LNifTdN1vB3ph9X38U0BdW4AOtp1vmiNK--pGUmHtuoLTNza9iogCc4vQsZjR3jhX4z4Hgjcj1-QwNH3F7DvDjIHdIt6ZYYV4PoEBQnkI&amp;__tn__=*NK-R\">#Ecuador<\/a> | Bajas del Gobierno y sus reemplazos.<\/div>\n<div dir=\"auto\"><\/div>\n<\/div>\n<div class=\"o9v6fnle cxmmr5t8 oygrvhab hcukyx3x c1et5uql ii04i59q\">\n<div dir=\"auto\">Mediante Decreto Ejecutivo No 256 acepta la renuncia del Vicealmirante Jorge Cabrera y design\u00f3 al General de Divisi\u00f3n Fabi\u00e1n Fuel como nuevo Jefe del Comando Conjunto de Fuerzas Armadas.<\/div>\n<div dir=\"auto\"><\/div>\n<\/div>\n<div class=\"o9v6fnle cxmmr5t8 oygrvhab hcukyx3x c1et5uql ii04i59q\">\n<div dir=\"auto\">De igual manera, con Decreto Ejecutivo No 356, agradece los servicios de Bol\u00edvar Garz\u00f3n en Servicio Nacional de Atenci\u00f3n Integral a Personas Adultas Privadas de la Libertad y Adolescentes Infractores (SNAI), dejando a Fausto Cobos como Encargado de la Direcci\u00f3n.<\/div>\n<div dir=\"auto\"><\/div>\n<\/div>\n<div class=\"o9v6fnle cxmmr5t8 oygrvhab hcukyx3x c1et5uql ii04i59q\">\n<div dir=\"auto\">Polic\u00eda Nacional ha informado que Tanya Varela sigue al mando de la instituci\u00f3n.<\/div>\n<div dir=\"auto\"><\/div>\n<\/div>\n<div class=\"o9v6fnle cxmmr5t8 oygrvhab hcukyx3x c1et5uql ii04i59q\">\n<div dir=\"auto\"><a class=\"oajrlxb2 g5ia77u1 qu0x051f esr5mh6w e9989ue4 r7d6kgcz rq0escxv nhd2j8a9 nc684nl6 p7hjln8o kvgmc6g5 cxmmr5t8 oygrvhab hcukyx3x jb3vyjys rz4wbd8a qt6c0cv9 a8nywdso i1ao9s8h esuyzwwr f1sip0of lzcic4wl py34i1dx gpro0wi8\" tabindex=\"0\" role=\"link\" href=\"https:\/\/l.facebook.com\/l.php?u=http%3A%2F%2Fwww.lodelmomentoloja.com%2F%3Ffbclid%3DIwAR0RUZEuhNeQvfx7syToN6fTeUb_je1I8ZAAYV1xGGz8_S2kFkbjVsP5Y2M&amp;h=AT3BA6DSi1xBf38fCKv3j-s2JgvMH4lWZ3mwWfXm7GTYV6FAapiMh6KUczsyDK4IXjkO5jIsGhkYoGy7Cq0h7XfnU8GWN2z6MJOYRUxe_kmHfP6q7hOtCzJK6EeSJzol&amp;__tn__=-UK-R&amp;c[0]=AT1mc5Q-oI0SASGA8hUzaJD1Rkh_lzedvbHeJLiLzeHvKRhOvQaGbNTT2aVvnX9Z0EK8sjCP7c2AhK52RHZCahobIb1wUcVSvNcJzOle0FaLS9PPrsW9S9YsAEVey8PXv9HjhxHOLi2bShQ2cV4JsDp19GMGhSAN8nCq-26SMEbj4MhoAL6l4f0WD6cnL38fyWJ_7yPf\" target=\"_blank\" rel=\"nofollow noopener\">www.lodelmomentoloja.com<\/a><\/div>\n<div dir=\"auto\"><a class=\"oajrlxb2 g5ia77u1 qu0x051f esr5mh6w e9989ue4 r7d6kgcz rq0escxv nhd2j8a9 nc684nl6 p7hjln8o kvgmc6g5 cxmmr5t8 oygrvhab hcukyx3x jb3vyjys rz4wbd8a qt6c0cv9 a8nywdso i1ao9s8h esuyzwwr f1sip0of lzcic4wl q66pz984 gpro0wi8 b1v8xokw\" tabindex=\"0\" role=\"link\" href=\"https:\/\/www.facebook.com\/hashtag\/ldmnoticias?__eep__=6&amp;__cft__[0]=AZUpJIQjNV4fl_ksdPAVfzZyTZudK7SVX1FasH3zkPXQJxtvIxGEollS53AE-nemCHE3kKv5Jxm-8ytBMOXCz_HRX5LNifTdN1vB3ph9X38U0BdW4AOtp1vmiNK--pGUmHtuoLTNza9iogCc4vQsZjR3jhX4z4Hgjcj1-QwNH3F7DvDjIHdIt6ZYYV4PoEBQnkI&amp;__tn__=*NK-R\">#LDMnoticias<\/a> <a class=\"oajrlxb2 g5ia77u1 qu0x051f esr5mh6w e9989ue4 r7d6kgcz rq0escxv nhd2j8a9 nc684nl6 p7hjln8o kvgmc6g5 cxmmr5t8 oygrvhab hcukyx3x jb3vyjys rz4wbd8a qt6c0cv9 a8nywdso i1ao9s8h esuyzwwr f1sip0of lzcic4wl q66pz984 gpro0wi8 b1v8xokw\" tabindex=\"0\" role=\"link\" href=\"https:\/\/www.facebook.com\/hashtag\/lodelmomentolojaldm?__eep__=6&amp;__cft__[0]=AZUpJIQjNV4fl_ksdPAVfzZyTZudK7SVX1FasH3zkPXQJxtvIxGEollS53AE-nemCHE3kKv5Jxm-8ytBMOXCz_HRX5LNifTdN1vB3ph9X38U0BdW4AOtp1vmiNK--pGUmHtuoLTNza9iogCc4vQsZjR3jhX4z4Hgjcj1-QwNH3F7DvDjIHdIt6ZYYV4PoEBQnkI&amp;__tn__=*NK-R\">#lodelmomentolojaLDM<\/a><\/div>\n<\/div>\n","protected":false},"excerpt":{"rendered":"<p>#Ecuador | Bajas del Gobierno y sus reemplazos. Mediante Decreto Ejecutivo No 256 acepta la&#8230;<\/p>\n","protected":false},"author":1,"featured_media":6337,"comment_status":"open","ping_status":"open","sticky":false,"template":"","format":"standard","meta":{"footnotes":""},"categories":[1],"tags":[],"class_list":["post-6336","post","type-post","status-publish","format-standard","has-post-thumbnail","hentry","category-inicio"],"_links":{"self":[{"href":"https:\/\/www.lodelmomentoloja.com\/index.php?rest_route=\/wp\/v2\/posts\/6336"}],"collection":[{"href":"https:\/\/www.lodelmomentoloja.com\/index.php?rest_route=\/wp\/v2\/posts"}],"about":[{"href":"https:\/\/www.lodelmomentoloja.com\/index.php?rest_route=\/wp\/v2\/types\/post"}],"author":[{"embeddable":true,"href":"https:\/\/www.lodelmomentoloja.com\/index.php?rest_route=\/wp\/v2\/users\/1"}],"replies":[{"embeddable":true,"href":"https:\/\/www.lodelmomentoloja.com\/index.php?rest_route=%2Fwp%2Fv2%2Fcomments&post=6336"}],"version-history":[{"count":2,"href":"https:\/\/www.lodelmomentoloja.com\/index.php?rest_route=\/wp\/v2\/posts\/6336\/revisions"}],"predecessor-version":[{"id":6339,"href":"https:\/\/www.lodelmomentoloja.com\/index.php?rest_route=\/wp\/v2\/posts\/6336\/revisions\/6339"}],"wp:featuredmedia":[{"embeddable":true,"href":"https:\/\/www.lodelmomentoloja.com\/index.php?rest_route=\/wp\/v2\/media\/6337"}],"wp:attachment":[{"href":"https:\/\/www.lodelmomentoloja.com\/index.php?rest_route=%2Fwp%2Fv2%2Fmedia&parent=6336"}],"wp:term":[{"taxonomy":"category","embeddable":true,"href":"https:\/\/www.lodelmomentoloja.com\/index.php?rest_route=%2Fwp%2Fv2%2Fcategories&post=6336"},{"taxonomy":"post_tag","embeddable":true,"href":"https:\/\/www.lodelmomentoloja.com\/index.php?rest_route=%2Fwp%2Fv2%2Ftags&post=6336"}],"curies":[{"name":"wp","href":"https:\/\/api.w.org\/{rel}","templated":true}]}}