{"id":6304,"date":"2021-11-12T16:05:57","date_gmt":"2021-11-12T16:05:57","guid":{"rendered":"https:\/\/www.lodelmomentoloja.com\/?p=6304"},"modified":"2021-11-12T21:07:39","modified_gmt":"2021-11-12T21:07:39","slug":"viceministro-converso-con-alcaldes-de-celica-macara-y-pindal","status":"publish","type":"post","link":"https:\/\/www.lodelmomentoloja.com\/?p=6304","title":{"rendered":"Viceministro convers\u00f3 con alcaldes de Celica, Macar\u00e1 y Pindal."},"content":{"rendered":"<p>#Loja | Viceministro convers\u00f3 con alcaldes en Celica.<\/p>\n<p>Importante encuentro de los alcaldes de los cantones de Celica, Pindal y Macar\u00e1 con el Viceministro del Ambiente, Agua y Transici\u00f3n Ecol\u00f3gica se llev\u00f3 a cabo este d\u00eda 11 de noviembre de 2021 con la finalidad de tratar asuntos inherentes a la conservaci\u00f3n del medio ambiente y recursos h\u00eddricos as\u00ed como temas de necesidades urgentes de los municipios.<\/p>\n<p>Oscar Rojas, viceministro luego de socializar la nueva forma de llevar adelante la pol\u00edtica p\u00fablica en temas de recursos h\u00eddricos y ambientales se comprometi\u00f3 con cada uno de los alcaldes a ayudar en sus requerimientos conforme a sus competencias, en el caso de Celica &#8211; dijo &#8211; que trabajar\u00e1n coordinadamente con el alcalde Oswaldo Rom\u00e1n Calero, para lo cual ya tiene el debido documento presentado por el burgomaestre celicano.<\/p>\n<p>Oswaldo Rom\u00e1n Calero, en su intervenci\u00f3n agradeci\u00f3 por el gesto del compatriota Oscar Rojas, hoy viceministro del ramo y entreg\u00f3 la documentaci\u00f3n, que contiene proyectos ambientales (relleno sanitario), de agua potable para la ciudad de Celica y parroquias rurales del cant\u00f3n y de fortalecimiento de reservorios de agua para el proyecto de ganader\u00eda clim\u00e1ticamente inteligente.<\/p>\n<p>Enfatiz\u00f3 el alcalde Rom\u00e1n, que el trabajo mancomunado de instituciones del estado y la municipalidad del cant\u00f3n se podr\u00eda alcanzar el anhelado desarrollo tanto en lo human\u00edstico como en el productivo.<\/p>\n<p>#LDMnoticias #lodelmomentolojaLDM<\/p>\n","protected":false},"excerpt":{"rendered":"<p>#Loja | Viceministro convers\u00f3 con alcaldes en Celica. Importante encuentro de los alcaldes de los&#8230;<\/p>\n","protected":false},"author":1,"featured_media":6306,"comment_status":"open","ping_status":"open","sticky":false,"template":"","format":"standard","meta":{"footnotes":""},"categories":[5],"tags":[],"class_list":["post-6304","post","type-post","status-publish","format-standard","has-post-thumbnail","hentry","category-loja"],"_links":{"self":[{"href":"https:\/\/www.lodelmomentoloja.com\/index.php?rest_route=\/wp\/v2\/posts\/6304"}],"collection":[{"href":"https:\/\/www.lodelmomentoloja.com\/index.php?rest_route=\/wp\/v2\/posts"}],"about":[{"href":"https:\/\/www.lodelmomentoloja.com\/index.php?rest_route=\/wp\/v2\/types\/post"}],"author":[{"embeddable":true,"href":"https:\/\/www.lodelmomentoloja.com\/index.php?rest_route=\/wp\/v2\/users\/1"}],"replies":[{"embeddable":true,"href":"https:\/\/www.lodelmomentoloja.com\/index.php?rest_route=%2Fwp%2Fv2%2Fcomments&post=6304"}],"version-history":[{"count":1,"href":"https:\/\/www.lodelmomentoloja.com\/index.php?rest_route=\/wp\/v2\/posts\/6304\/revisions"}],"predecessor-version":[{"id":6307,"href":"https:\/\/www.lodelmomentoloja.com\/index.php?rest_route=\/wp\/v2\/posts\/6304\/revisions\/6307"}],"wp:featuredmedia":[{"embeddable":true,"href":"https:\/\/www.lodelmomentoloja.com\/index.php?rest_route=\/wp\/v2\/media\/6306"}],"wp:attachment":[{"href":"https:\/\/www.lodelmomentoloja.com\/index.php?rest_route=%2Fwp%2Fv2%2Fmedia&parent=6304"}],"wp:term":[{"taxonomy":"category","embeddable":true,"href":"https:\/\/www.lodelmomentoloja.com\/index.php?rest_route=%2Fwp%2Fv2%2Fcategories&post=6304"},{"taxonomy":"post_tag","embeddable":true,"href":"https:\/\/www.lodelmomentoloja.com\/index.php?rest_route=%2Fwp%2Fv2%2Ftags&post=6304"}],"curies":[{"name":"wp","href":"https:\/\/api.w.org\/{rel}","templated":true}]}}