{"id":6060,"date":"2021-11-10T12:51:24","date_gmt":"2021-11-10T12:51:24","guid":{"rendered":"https:\/\/www.lodelmomentoloja.com\/?p=6060"},"modified":"2021-11-11T17:42:36","modified_gmt":"2021-11-11T17:42:36","slug":"el-arbol-de-navidad-mas-grande-del-ecuador","status":"publish","type":"post","link":"https:\/\/www.lodelmomentoloja.com\/?p=6060","title":{"rendered":"El \u00e1rbol de navidad mas grande del Ecuador."},"content":{"rendered":"<div class=\"kvgmc6g5 cxmmr5t8 oygrvhab hcukyx3x c1et5uql ii04i59q\">\n<div dir=\"auto\"><a class=\"oajrlxb2 g5ia77u1 qu0x051f esr5mh6w e9989ue4 r7d6kgcz rq0escxv nhd2j8a9 nc684nl6 p7hjln8o kvgmc6g5 cxmmr5t8 oygrvhab hcukyx3x jb3vyjys rz4wbd8a qt6c0cv9 a8nywdso i1ao9s8h esuyzwwr f1sip0of lzcic4wl q66pz984 gpro0wi8 b1v8xokw\" tabindex=\"0\" role=\"link\" href=\"https:\/\/www.facebook.com\/hashtag\/ecuador?__eep__=6&amp;__cft__[0]=AZXhQhzrDsB0wKsDT4rIoFTISMtNcmJnhyK4KGiQbzBh-gH9Y6Wz95GkyV_miO0m6qLYSN1y1hQ-QfQxnB5q2Proxz8X5FiULsmgLh3q0R9mnwBHqQfxF0kSzNUQIQiN7NpNGpaaaFi_Mq_DO5qgOpIka6DWTXd0udgxmN4gNhCS7Yq83DZwRToadJPLcq1l7qM&amp;__tn__=*NK-R\">#Ecuador<\/a> | El \u00e1rbol de navidad mas grande del Ecuador.<\/div>\n<div dir=\"auto\"><\/div>\n<\/div>\n<div class=\"o9v6fnle cxmmr5t8 oygrvhab hcukyx3x c1et5uql ii04i59q\">\n<div dir=\"auto\">A un poco m\u00e1s de 40 d\u00edas para Navidad, Ricardo Medina, Director de la Fundaci\u00f3n Iluminar se\u00f1ala que el \u00e1rbol de Navidad m\u00e1s grande del Ecuador (35 metros), est\u00e1 en Cuenca y este a\u00f1o va a tener una nueva rotaci\u00f3n.<\/div>\n<div dir=\"auto\"><\/div>\n<\/div>\n<div class=\"o9v6fnle cxmmr5t8 oygrvhab hcukyx3x c1et5uql ii04i59q\">\n<div dir=\"auto\">En el 2020 estuvo en el centro hist\u00f3rico espec\u00edficamente en la plaza San Francisco y ahora se lo ubicar\u00e1 en el Parque Miraflores. Se espera que este a\u00f1o se pueda proyectar video y texto sobre su superficie.<\/div>\n<div dir=\"auto\"><\/div>\n<\/div>\n<div class=\"o9v6fnle cxmmr5t8 oygrvhab hcukyx3x c1et5uql ii04i59q\">\n<div dir=\"auto\">El encendido se tiene previsto para la primera semana de diciembre de 2021 y como complemento se tendr\u00e1 todo un parque navide\u00f1o a su alrededor, donde se colocar\u00e1n alegor\u00edas y trabajos en las veredas.<\/div>\n<div dir=\"auto\"><\/div>\n<\/div>\n<div class=\"o9v6fnle cxmmr5t8 oygrvhab hcukyx3x c1et5uql ii04i59q\">\n<div dir=\"auto\">V\u00eda: Radio Din\u00e1mica.<\/div>\n<\/div>\n<div class=\"o9v6fnle cxmmr5t8 oygrvhab hcukyx3x c1et5uql ii04i59q\">\n<div dir=\"auto\"><a class=\"oajrlxb2 g5ia77u1 qu0x051f esr5mh6w e9989ue4 r7d6kgcz rq0escxv nhd2j8a9 nc684nl6 p7hjln8o kvgmc6g5 cxmmr5t8 oygrvhab hcukyx3x jb3vyjys rz4wbd8a qt6c0cv9 a8nywdso i1ao9s8h esuyzwwr f1sip0of lzcic4wl py34i1dx gpro0wi8\" tabindex=\"0\" role=\"link\" href=\"https:\/\/l.facebook.com\/l.php?u=http%3A%2F%2Fwww.lodelmomentoloja.com%2F%3Ffbclid%3DIwAR18kBkZxo7kdD2Sb44_5aMH5DBcKlcCZx53h-JxEiektyi8OwqMGx-7RkM&amp;h=AT2IK453U6lPi9btA22wk80v5WLsR4PklQmcp7QmAH2H9x6qb9Shva8h55VB4wEuf3wC1dZPuDHwxjJWmM5VnRoXtg41XoiCIflFXctW-RsjM3ZxXk8LYbj27a6InwMp&amp;__tn__=-UK-R&amp;c[0]=AT3s6mK3k7pPhhmQe-2Ydogl2Y250lc-KNJCq8CBUan0MlgTE0qRuuaBhq8ufqy_7xoetmxc36HKrvskKjAiM45z5ZOqsk9hEo4uqfIYeKqYsoGPVKoQGHBh7nTzmRhRZXOfHHLDhuaLu6K2SS6qPTMn91qeP6BNSTThIMbXbVPxFdOKcxOVVpyMPCdJjQzRCvAT0WdG\" target=\"_blank\" rel=\"nofollow noopener\">www.lodelmomentoloja.com<\/a><\/div>\n<div dir=\"auto\"><a class=\"oajrlxb2 g5ia77u1 qu0x051f esr5mh6w e9989ue4 r7d6kgcz rq0escxv nhd2j8a9 nc684nl6 p7hjln8o kvgmc6g5 cxmmr5t8 oygrvhab hcukyx3x jb3vyjys rz4wbd8a qt6c0cv9 a8nywdso i1ao9s8h esuyzwwr f1sip0of lzcic4wl q66pz984 gpro0wi8 b1v8xokw\" tabindex=\"0\" role=\"link\" href=\"https:\/\/www.facebook.com\/hashtag\/ldmnoticias?__eep__=6&amp;__cft__[0]=AZXhQhzrDsB0wKsDT4rIoFTISMtNcmJnhyK4KGiQbzBh-gH9Y6Wz95GkyV_miO0m6qLYSN1y1hQ-QfQxnB5q2Proxz8X5FiULsmgLh3q0R9mnwBHqQfxF0kSzNUQIQiN7NpNGpaaaFi_Mq_DO5qgOpIka6DWTXd0udgxmN4gNhCS7Yq83DZwRToadJPLcq1l7qM&amp;__tn__=*NK-R\">#LDMnoticias<\/a> <a class=\"oajrlxb2 g5ia77u1 qu0x051f esr5mh6w e9989ue4 r7d6kgcz rq0escxv nhd2j8a9 nc684nl6 p7hjln8o kvgmc6g5 cxmmr5t8 oygrvhab hcukyx3x jb3vyjys rz4wbd8a qt6c0cv9 a8nywdso i1ao9s8h esuyzwwr f1sip0of lzcic4wl q66pz984 gpro0wi8 b1v8xokw\" tabindex=\"0\" role=\"link\" href=\"https:\/\/www.facebook.com\/hashtag\/lodelmomentolojaldm?__eep__=6&amp;__cft__[0]=AZXhQhzrDsB0wKsDT4rIoFTISMtNcmJnhyK4KGiQbzBh-gH9Y6Wz95GkyV_miO0m6qLYSN1y1hQ-QfQxnB5q2Proxz8X5FiULsmgLh3q0R9mnwBHqQfxF0kSzNUQIQiN7NpNGpaaaFi_Mq_DO5qgOpIka6DWTXd0udgxmN4gNhCS7Yq83DZwRToadJPLcq1l7qM&amp;__tn__=*NK-R\">#lodelmomentolojaLDM<\/a><\/div>\n<\/div>\n","protected":false},"excerpt":{"rendered":"<p>#Ecuador | El \u00e1rbol de navidad mas grande del Ecuador. A un poco m\u00e1s de&#8230;<\/p>\n","protected":false},"author":1,"featured_media":6061,"comment_status":"open","ping_status":"open","sticky":false,"template":"","format":"standard","meta":{"footnotes":""},"categories":[1],"tags":[],"class_list":["post-6060","post","type-post","status-publish","format-standard","has-post-thumbnail","hentry","category-inicio"],"_links":{"self":[{"href":"https:\/\/www.lodelmomentoloja.com\/index.php?rest_route=\/wp\/v2\/posts\/6060"}],"collection":[{"href":"https:\/\/www.lodelmomentoloja.com\/index.php?rest_route=\/wp\/v2\/posts"}],"about":[{"href":"https:\/\/www.lodelmomentoloja.com\/index.php?rest_route=\/wp\/v2\/types\/post"}],"author":[{"embeddable":true,"href":"https:\/\/www.lodelmomentoloja.com\/index.php?rest_route=\/wp\/v2\/users\/1"}],"replies":[{"embeddable":true,"href":"https:\/\/www.lodelmomentoloja.com\/index.php?rest_route=%2Fwp%2Fv2%2Fcomments&post=6060"}],"version-history":[{"count":1,"href":"https:\/\/www.lodelmomentoloja.com\/index.php?rest_route=\/wp\/v2\/posts\/6060\/revisions"}],"predecessor-version":[{"id":6062,"href":"https:\/\/www.lodelmomentoloja.com\/index.php?rest_route=\/wp\/v2\/posts\/6060\/revisions\/6062"}],"wp:featuredmedia":[{"embeddable":true,"href":"https:\/\/www.lodelmomentoloja.com\/index.php?rest_route=\/wp\/v2\/media\/6061"}],"wp:attachment":[{"href":"https:\/\/www.lodelmomentoloja.com\/index.php?rest_route=%2Fwp%2Fv2%2Fmedia&parent=6060"}],"wp:term":[{"taxonomy":"category","embeddable":true,"href":"https:\/\/www.lodelmomentoloja.com\/index.php?rest_route=%2Fwp%2Fv2%2Fcategories&post=6060"},{"taxonomy":"post_tag","embeddable":true,"href":"https:\/\/www.lodelmomentoloja.com\/index.php?rest_route=%2Fwp%2Fv2%2Ftags&post=6060"}],"curies":[{"name":"wp","href":"https:\/\/api.w.org\/{rel}","templated":true}]}}