{"id":6057,"date":"2021-11-10T12:49:34","date_gmt":"2021-11-10T12:49:34","guid":{"rendered":"https:\/\/www.lodelmomentoloja.com\/?p=6057"},"modified":"2021-11-11T17:42:44","modified_gmt":"2021-11-11T17:42:44","slug":"arauz-es-investigado-por-fiscalia","status":"publish","type":"post","link":"https:\/\/www.lodelmomentoloja.com\/?p=6057","title":{"rendered":"Arauz es investigado por Fiscal\u00eda"},"content":{"rendered":"<div class=\"kvgmc6g5 cxmmr5t8 oygrvhab hcukyx3x c1et5uql ii04i59q\">\n<div dir=\"auto\"><a class=\"oajrlxb2 g5ia77u1 qu0x051f esr5mh6w e9989ue4 r7d6kgcz rq0escxv nhd2j8a9 nc684nl6 p7hjln8o kvgmc6g5 cxmmr5t8 oygrvhab hcukyx3x jb3vyjys rz4wbd8a qt6c0cv9 a8nywdso i1ao9s8h esuyzwwr f1sip0of lzcic4wl q66pz984 gpro0wi8 b1v8xokw\" tabindex=\"0\" role=\"link\" href=\"https:\/\/www.facebook.com\/hashtag\/ecuador?__eep__=6&amp;__cft__[0]=AZWaMryXodhxZO-ceD1HatR5v27tvhxb-jpjUjP49psidos9mUr9YY4NAriP3GS8Z3Oid4LUX-3h7jIp0eRMZODUk9vz95NEggST-ms71qpaa8m5p2nOJKWfbqn5HMEVze3UuEtG77VFBZuZ0JVeba-vIMiexW7h0zLhUPiMXNVcBN1Bn_7Ssk0JeNIeL9Tsqi4&amp;__tn__=*NK-R\">#Ecuador<\/a> | Arauz es investigado por Fiscal\u00eda<\/div>\n<div dir=\"auto\"><\/div>\n<\/div>\n<div class=\"o9v6fnle cxmmr5t8 oygrvhab hcukyx3x c1et5uql ii04i59q\">\n<div dir=\"auto\">El representante de UNES Ecuador en las elecciones presidenciales de 2021 estar\u00eda relacionado junto a otras 24 personas.<\/div>\n<\/div>\n<div class=\"o9v6fnle cxmmr5t8 oygrvhab hcukyx3x c1et5uql ii04i59q\">\n<div dir=\"auto\">El delito por el que se lo vincular\u00eda es enriquecimiento privado no justificado, tras una denuncia presentada contra el economista en marzo, cuando era candidato para la segunda vuelta electoral. Esto por supuestos aportes irregulares de una empresa espa\u00f1ola, de Juan Carlos Monedero, a la campa\u00f1a de Arauz.<\/div>\n<div dir=\"auto\"><\/div>\n<\/div>\n<div class=\"o9v6fnle cxmmr5t8 oygrvhab hcukyx3x c1et5uql ii04i59q\">\n<div dir=\"auto\">Hasta el momento, ni Arauz ni representantes de la Alianza Unes se han pronunciado sobre el caso. El \u00faltimo tweet publicado por Andr\u00e9s Arauz, hizo referencia a su asistencia a la Asamblea a donde fue convocado para comparecer sobre la creaci\u00f3n del sistema SUCRE y el Banco del Sur.<\/div>\n<div dir=\"auto\"><\/div>\n<\/div>\n<div class=\"o9v6fnle cxmmr5t8 oygrvhab hcukyx3x c1et5uql ii04i59q\">\n<div dir=\"auto\"><a class=\"oajrlxb2 g5ia77u1 qu0x051f esr5mh6w e9989ue4 r7d6kgcz rq0escxv nhd2j8a9 nc684nl6 p7hjln8o kvgmc6g5 cxmmr5t8 oygrvhab hcukyx3x jb3vyjys rz4wbd8a qt6c0cv9 a8nywdso i1ao9s8h esuyzwwr f1sip0of lzcic4wl py34i1dx gpro0wi8\" tabindex=\"0\" role=\"link\" href=\"https:\/\/l.facebook.com\/l.php?u=http%3A%2F%2Fwww.lodelmomentoloja.com%2F%3Ffbclid%3DIwAR3oHX-J0MVKZb2DZxuI8pv0JIt3U26qErQdvI2NepBYMjLHyMR1-auR_zg&amp;h=AT2IK453U6lPi9btA22wk80v5WLsR4PklQmcp7QmAH2H9x6qb9Shva8h55VB4wEuf3wC1dZPuDHwxjJWmM5VnRoXtg41XoiCIflFXctW-RsjM3ZxXk8LYbj27a6InwMp&amp;__tn__=-UK-R&amp;c[0]=AT08rCkYti7lBy3jA3EdF8Wlx2jhLWGX-6S8Kb1jKAZsXhzwMlEFCLgImyGVoTEesbGSeGeAoGjzD-zFFvOz0_ar-lYtI7-d09dv1stpwFt-uHm1XEMd7aKyymGvh0aAvSNbK4xt2oLqw-HNIMzwP02N3dXLz3TUwhZi-401aDZLZwWVAfrLfZI3bDaZNicOEh1U42sO\" target=\"_blank\" rel=\"nofollow noopener\">www.lodelmomentoloja.com<\/a><\/div>\n<div dir=\"auto\"><a class=\"oajrlxb2 g5ia77u1 qu0x051f esr5mh6w e9989ue4 r7d6kgcz rq0escxv nhd2j8a9 nc684nl6 p7hjln8o kvgmc6g5 cxmmr5t8 oygrvhab hcukyx3x jb3vyjys rz4wbd8a qt6c0cv9 a8nywdso i1ao9s8h esuyzwwr f1sip0of lzcic4wl q66pz984 gpro0wi8 b1v8xokw\" tabindex=\"0\" role=\"link\" href=\"https:\/\/www.facebook.com\/hashtag\/ldmnoticias?__eep__=6&amp;__cft__[0]=AZWaMryXodhxZO-ceD1HatR5v27tvhxb-jpjUjP49psidos9mUr9YY4NAriP3GS8Z3Oid4LUX-3h7jIp0eRMZODUk9vz95NEggST-ms71qpaa8m5p2nOJKWfbqn5HMEVze3UuEtG77VFBZuZ0JVeba-vIMiexW7h0zLhUPiMXNVcBN1Bn_7Ssk0JeNIeL9Tsqi4&amp;__tn__=*NK-R\">#LDMnoticias<\/a> <a class=\"oajrlxb2 g5ia77u1 qu0x051f esr5mh6w e9989ue4 r7d6kgcz rq0escxv nhd2j8a9 nc684nl6 p7hjln8o kvgmc6g5 cxmmr5t8 oygrvhab hcukyx3x jb3vyjys rz4wbd8a qt6c0cv9 a8nywdso i1ao9s8h esuyzwwr f1sip0of lzcic4wl q66pz984 gpro0wi8 b1v8xokw\" tabindex=\"0\" role=\"link\" href=\"https:\/\/www.facebook.com\/hashtag\/lodelmomentolojaldm?__eep__=6&amp;__cft__[0]=AZWaMryXodhxZO-ceD1HatR5v27tvhxb-jpjUjP49psidos9mUr9YY4NAriP3GS8Z3Oid4LUX-3h7jIp0eRMZODUk9vz95NEggST-ms71qpaa8m5p2nOJKWfbqn5HMEVze3UuEtG77VFBZuZ0JVeba-vIMiexW7h0zLhUPiMXNVcBN1Bn_7Ssk0JeNIeL9Tsqi4&amp;__tn__=*NK-R\">#lodelmomentolojaLDM<\/a><\/div>\n<\/div>\n","protected":false},"excerpt":{"rendered":"<p>#Ecuador | Arauz es investigado por Fiscal\u00eda El representante de UNES Ecuador en las elecciones&#8230;<\/p>\n","protected":false},"author":1,"featured_media":6058,"comment_status":"open","ping_status":"open","sticky":false,"template":"","format":"standard","meta":{"footnotes":""},"categories":[1],"tags":[],"class_list":["post-6057","post","type-post","status-publish","format-standard","has-post-thumbnail","hentry","category-inicio"],"_links":{"self":[{"href":"https:\/\/www.lodelmomentoloja.com\/index.php?rest_route=\/wp\/v2\/posts\/6057"}],"collection":[{"href":"https:\/\/www.lodelmomentoloja.com\/index.php?rest_route=\/wp\/v2\/posts"}],"about":[{"href":"https:\/\/www.lodelmomentoloja.com\/index.php?rest_route=\/wp\/v2\/types\/post"}],"author":[{"embeddable":true,"href":"https:\/\/www.lodelmomentoloja.com\/index.php?rest_route=\/wp\/v2\/users\/1"}],"replies":[{"embeddable":true,"href":"https:\/\/www.lodelmomentoloja.com\/index.php?rest_route=%2Fwp%2Fv2%2Fcomments&post=6057"}],"version-history":[{"count":1,"href":"https:\/\/www.lodelmomentoloja.com\/index.php?rest_route=\/wp\/v2\/posts\/6057\/revisions"}],"predecessor-version":[{"id":6059,"href":"https:\/\/www.lodelmomentoloja.com\/index.php?rest_route=\/wp\/v2\/posts\/6057\/revisions\/6059"}],"wp:featuredmedia":[{"embeddable":true,"href":"https:\/\/www.lodelmomentoloja.com\/index.php?rest_route=\/wp\/v2\/media\/6058"}],"wp:attachment":[{"href":"https:\/\/www.lodelmomentoloja.com\/index.php?rest_route=%2Fwp%2Fv2%2Fmedia&parent=6057"}],"wp:term":[{"taxonomy":"category","embeddable":true,"href":"https:\/\/www.lodelmomentoloja.com\/index.php?rest_route=%2Fwp%2Fv2%2Fcategories&post=6057"},{"taxonomy":"post_tag","embeddable":true,"href":"https:\/\/www.lodelmomentoloja.com\/index.php?rest_route=%2Fwp%2Fv2%2Ftags&post=6057"}],"curies":[{"name":"wp","href":"https:\/\/api.w.org\/{rel}","templated":true}]}}