{"id":6053,"date":"2021-11-10T11:33:53","date_gmt":"2021-11-10T11:33:53","guid":{"rendered":"https:\/\/www.lodelmomentoloja.com\/?p=6053"},"modified":"2021-11-11T17:42:50","modified_gmt":"2021-11-11T17:42:50","slug":"premios_emmy","status":"publish","type":"post","link":"https:\/\/www.lodelmomentoloja.com\/?p=6053","title":{"rendered":"Ecuatoriano brilla en premios Emmy 2021"},"content":{"rendered":"<p>#Internacional |Ecuatoriano gana dos premios Emmy 2021.<\/p>\n<p>El periodista quite\u00f1o Sebasti\u00e1n Carrillo gan\u00f3 en dos de sus cuatro nominaciones de los premios Emmy 2021 en la regi\u00f3n Rocky Mountain, integrada por los estados de Arizona, Nuevo M\u00e9xico, Utah y el sureste de California, en Estados Unidos. Los reportajes de Carrillo fueron transmitidos por la cadena Univisi\u00f3n 32.<\/p>\n<p>El primero de los galardones, el cual corresponde a la categor\u00eda Noticias de inter\u00e9s humano, lo obtuvo por el reportaje \u201cLa cuarentena antes de la pandemia\u201d en el que narra la historia de Vicky Ch\u00e1vez, una mujer hondure\u00f1a que se refugi\u00f3 durante m\u00e1s de dos a\u00f1os en una iglesia que funcionaba como santuario, debido a que ten\u00eda orden de abandonar Estados Unidos, pero no pod\u00eda hacerlo porque su hija vive en dicha naci\u00f3n y adem\u00e1s ten\u00eda amenazas de muerte en su pa\u00eds de origen.<\/p>\n<p>El segundo premio lo recibi\u00f3 por el trabajo\u00a0 \u201c\u00bfHombre o mujer?\u201d, un reportaje sobre la discriminaci\u00f3n y la violencia contra la comunidad transg\u00e9nero, que estuvo nominado en la categor\u00eda Preocupaciones Sociales, contenido breve. \u201cInvestigu\u00e9, me sumerg\u00ed en el tema, entender desde lo m\u00e1s b\u00e1sico para poder explicarlo a la gente; fue un trabajo que me tom\u00f3 m\u00e1s de tres meses\u201d, relat\u00f3 el comunicador.<\/p>\n<p>Es la segunda ocasi\u00f3n que el periodista se hace acreedor a un premio de este tipo. El primero lo obtuvo en el 2020, como productor ejecutivo del programa especial Elizabeth Laguna Salgado: un caso sin resolver, dentro de la categor\u00eda programas especiales relacionados con crimen.<\/p>\n<p>V\u00eda: Forbes Ec.<\/p>\n<p>&nbsp;<\/p>\n<p>#LDMnoticias #lodelmomentolojaLDM<\/p>\n<p>&nbsp;<\/p>\n","protected":false},"excerpt":{"rendered":"<p>#Internacional |Ecuatoriano gana dos premios Emmy 2021. El periodista quite\u00f1o Sebasti\u00e1n Carrillo gan\u00f3 en dos&#8230;<\/p>\n","protected":false},"author":1,"featured_media":6054,"comment_status":"open","ping_status":"open","sticky":false,"template":"","format":"standard","meta":{"footnotes":""},"categories":[4],"tags":[],"class_list":["post-6053","post","type-post","status-publish","format-standard","has-post-thumbnail","hentry","category-internacional"],"_links":{"self":[{"href":"https:\/\/www.lodelmomentoloja.com\/index.php?rest_route=\/wp\/v2\/posts\/6053"}],"collection":[{"href":"https:\/\/www.lodelmomentoloja.com\/index.php?rest_route=\/wp\/v2\/posts"}],"about":[{"href":"https:\/\/www.lodelmomentoloja.com\/index.php?rest_route=\/wp\/v2\/types\/post"}],"author":[{"embeddable":true,"href":"https:\/\/www.lodelmomentoloja.com\/index.php?rest_route=\/wp\/v2\/users\/1"}],"replies":[{"embeddable":true,"href":"https:\/\/www.lodelmomentoloja.com\/index.php?rest_route=%2Fwp%2Fv2%2Fcomments&post=6053"}],"version-history":[{"count":2,"href":"https:\/\/www.lodelmomentoloja.com\/index.php?rest_route=\/wp\/v2\/posts\/6053\/revisions"}],"predecessor-version":[{"id":6056,"href":"https:\/\/www.lodelmomentoloja.com\/index.php?rest_route=\/wp\/v2\/posts\/6053\/revisions\/6056"}],"wp:featuredmedia":[{"embeddable":true,"href":"https:\/\/www.lodelmomentoloja.com\/index.php?rest_route=\/wp\/v2\/media\/6054"}],"wp:attachment":[{"href":"https:\/\/www.lodelmomentoloja.com\/index.php?rest_route=%2Fwp%2Fv2%2Fmedia&parent=6053"}],"wp:term":[{"taxonomy":"category","embeddable":true,"href":"https:\/\/www.lodelmomentoloja.com\/index.php?rest_route=%2Fwp%2Fv2%2Fcategories&post=6053"},{"taxonomy":"post_tag","embeddable":true,"href":"https:\/\/www.lodelmomentoloja.com\/index.php?rest_route=%2Fwp%2Fv2%2Ftags&post=6053"}],"curies":[{"name":"wp","href":"https:\/\/api.w.org\/{rel}","templated":true}]}}