{"id":6029,"date":"2021-11-08T18:37:44","date_gmt":"2021-11-08T18:37:44","guid":{"rendered":"https:\/\/www.lodelmomentoloja.com\/?p=6029"},"modified":"2021-11-09T00:57:22","modified_gmt":"2021-11-09T00:57:22","slug":"feriado-en-loja-por-su-independencia","status":"publish","type":"post","link":"https:\/\/www.lodelmomentoloja.com\/?p=6029","title":{"rendered":"Feriado en Loja por su independencia"},"content":{"rendered":"<p dir=\"ltr\">#Loja | Feriado en Loja por su independencia.<\/p>\n<p dir=\"ltr\">En un documento firmado electr\u00f3nicamente, por el Gobernador de la provincia de Loja, Mario Mancino, se menciona que por conmemorarse los 201 a\u00f1os de Independencia de Loja el d\u00eda jueves 18 de noviembre del 2021, declarado d\u00eda de descanso obligatorio en toda la provincia, se traslada al d\u00eda viernes 19 de noviembre del 2021.<\/p>\n<p dir=\"ltr\">Esto tras conforme lo establecido en la Disposici\u00f3n General La Ley Org\u00e1nica de Servicio P\u00fablico (LOSEP) en su Disposici\u00f3n General cuarta inciso segundo, se\u00f1ala:<\/p>\n<p dir=\"ltr\">\u201cSer\u00e1n d\u00edas de descanso obligatorio las fechas de recordaci\u00f3n c\u00edvica de independencia o creaci\u00f3n\u00a0 para cada una de las provincias y de la creaci\u00f3n de cada uno de los cantones\u201d Cuando los d\u00edas feriados de descanso obligatorio establecidos en esta Ley, correspondan<br \/>\nal d\u00eda martes, el descanso se trasladar\u00e1 al d\u00eda lunes inmediato anterior, y si coinciden con los d\u00edas mi\u00e9rcoles o jueves, el descanso se pasar\u00e1 al d\u00eda viernes de la misma semana.<\/p>\n<p dir=\"ltr\">Igual criterio se aplicar\u00e1 para los d\u00edas feriados de car\u00e1cter local. en concordancia con lo establecido en el art\u00edculo 65 del C\u00f3digo de Trabajo y el Art. 5 del Decreto ejecutivo 858 publicado en el Registro Oficial 679 de 28 del enero del 2016.<\/p>\n<p dir=\"ltr\">Durante el presente feriado se deber\u00e1 garantizar la provisi\u00f3n de los servicios p\u00fablicos b\u00e1sicos en los cuales las m\u00e1ximas autoridad de la instituciones, entidades y organismos de seguridad ciudadana, protecci\u00f3n interna y orden p\u00fablico deber\u00e1n disponer que se cuenten con el personal m\u00ednimo que permita atender satisfactoriamente las demandas de la colectividad y responder de manera oportuna ante cualquier emergencia.<\/p>\n<p dir=\"ltr\">V\u00eda: Canal Sur<\/p>\n<p dir=\"ltr\">www.lodelmomentoloja.com<br \/>\n#LDMnoticias #lodelmomentolojaLDM<\/p>\n","protected":false},"excerpt":{"rendered":"<p>#Loja | Feriado en Loja por su independencia. En un documento firmado electr\u00f3nicamente, por el&#8230;<\/p>\n","protected":false},"author":1,"featured_media":6030,"comment_status":"open","ping_status":"open","sticky":false,"template":"","format":"standard","meta":{"footnotes":""},"categories":[5],"tags":[],"class_list":["post-6029","post","type-post","status-publish","format-standard","has-post-thumbnail","hentry","category-loja"],"_links":{"self":[{"href":"https:\/\/www.lodelmomentoloja.com\/index.php?rest_route=\/wp\/v2\/posts\/6029"}],"collection":[{"href":"https:\/\/www.lodelmomentoloja.com\/index.php?rest_route=\/wp\/v2\/posts"}],"about":[{"href":"https:\/\/www.lodelmomentoloja.com\/index.php?rest_route=\/wp\/v2\/types\/post"}],"author":[{"embeddable":true,"href":"https:\/\/www.lodelmomentoloja.com\/index.php?rest_route=\/wp\/v2\/users\/1"}],"replies":[{"embeddable":true,"href":"https:\/\/www.lodelmomentoloja.com\/index.php?rest_route=%2Fwp%2Fv2%2Fcomments&post=6029"}],"version-history":[{"count":1,"href":"https:\/\/www.lodelmomentoloja.com\/index.php?rest_route=\/wp\/v2\/posts\/6029\/revisions"}],"predecessor-version":[{"id":6031,"href":"https:\/\/www.lodelmomentoloja.com\/index.php?rest_route=\/wp\/v2\/posts\/6029\/revisions\/6031"}],"wp:featuredmedia":[{"embeddable":true,"href":"https:\/\/www.lodelmomentoloja.com\/index.php?rest_route=\/wp\/v2\/media\/6030"}],"wp:attachment":[{"href":"https:\/\/www.lodelmomentoloja.com\/index.php?rest_route=%2Fwp%2Fv2%2Fmedia&parent=6029"}],"wp:term":[{"taxonomy":"category","embeddable":true,"href":"https:\/\/www.lodelmomentoloja.com\/index.php?rest_route=%2Fwp%2Fv2%2Fcategories&post=6029"},{"taxonomy":"post_tag","embeddable":true,"href":"https:\/\/www.lodelmomentoloja.com\/index.php?rest_route=%2Fwp%2Fv2%2Ftags&post=6029"}],"curies":[{"name":"wp","href":"https:\/\/api.w.org\/{rel}","templated":true}]}}