{"id":6023,"date":"2021-11-08T12:47:50","date_gmt":"2021-11-08T12:47:50","guid":{"rendered":"https:\/\/www.lodelmomentoloja.com\/?p=6023"},"modified":"2021-11-09T00:57:44","modified_gmt":"2021-11-09T00:57:44","slug":"retorno-presencial-a-clases-obligatorio-en-ecuador","status":"publish","type":"post","link":"https:\/\/www.lodelmomentoloja.com\/?p=6023","title":{"rendered":"Retorno presencial a clases obligatorio en Ecuador"},"content":{"rendered":"<p>#Ecuador | Retorno presencial a clases obligatorio en Ecuador.<\/p>\n<p>El cronograma del Ministerio contempla que el retorno obligatorio se inicie el 22 de noviembre con los alumnos de bachillerato t\u00e9cnico y de zonas rurales, considerando que fueron quienes primero recibieron la vacuna contra el covid.<\/p>\n<p>Luego est\u00e1 previsto el retorno a las aulas de todos los alumnos de entre 12 y 17 a\u00f1os (b\u00e1sica y bachillerato). Y, con la aprobaci\u00f3n del COE, hasta mediados de enero regresar\u00edan a las aulas los estudiantes desde los cinco a\u00f1os.<\/p>\n<p>En los protocolos habr\u00eda cambios, dijo Juan Zapata. Estos todav\u00eda no se conocen, ya que est\u00e1n siendo analizados por las mesas t\u00e9cnicas. Estas deben emitir un informe que pasar\u00e1 a la plenaria del COE, en donde se tomar\u00e1 la decisi\u00f3n final.<\/p>\n<p>v\u00eda: El Comercio.<\/p>\n<p>www.lodelmomentoloja.com<br \/>\n#LDMnoticias #lodelmomentolojaLDM<\/p>\n","protected":false},"excerpt":{"rendered":"<p>#Ecuador | Retorno presencial a clases obligatorio en Ecuador. El cronograma del Ministerio contempla que&#8230;<\/p>\n","protected":false},"author":1,"featured_media":6024,"comment_status":"open","ping_status":"open","sticky":false,"template":"","format":"standard","meta":{"footnotes":""},"categories":[7],"tags":[],"class_list":["post-6023","post","type-post","status-publish","format-standard","has-post-thumbnail","hentry","category-ecuador"],"_links":{"self":[{"href":"https:\/\/www.lodelmomentoloja.com\/index.php?rest_route=\/wp\/v2\/posts\/6023"}],"collection":[{"href":"https:\/\/www.lodelmomentoloja.com\/index.php?rest_route=\/wp\/v2\/posts"}],"about":[{"href":"https:\/\/www.lodelmomentoloja.com\/index.php?rest_route=\/wp\/v2\/types\/post"}],"author":[{"embeddable":true,"href":"https:\/\/www.lodelmomentoloja.com\/index.php?rest_route=\/wp\/v2\/users\/1"}],"replies":[{"embeddable":true,"href":"https:\/\/www.lodelmomentoloja.com\/index.php?rest_route=%2Fwp%2Fv2%2Fcomments&post=6023"}],"version-history":[{"count":1,"href":"https:\/\/www.lodelmomentoloja.com\/index.php?rest_route=\/wp\/v2\/posts\/6023\/revisions"}],"predecessor-version":[{"id":6025,"href":"https:\/\/www.lodelmomentoloja.com\/index.php?rest_route=\/wp\/v2\/posts\/6023\/revisions\/6025"}],"wp:featuredmedia":[{"embeddable":true,"href":"https:\/\/www.lodelmomentoloja.com\/index.php?rest_route=\/wp\/v2\/media\/6024"}],"wp:attachment":[{"href":"https:\/\/www.lodelmomentoloja.com\/index.php?rest_route=%2Fwp%2Fv2%2Fmedia&parent=6023"}],"wp:term":[{"taxonomy":"category","embeddable":true,"href":"https:\/\/www.lodelmomentoloja.com\/index.php?rest_route=%2Fwp%2Fv2%2Fcategories&post=6023"},{"taxonomy":"post_tag","embeddable":true,"href":"https:\/\/www.lodelmomentoloja.com\/index.php?rest_route=%2Fwp%2Fv2%2Ftags&post=6023"}],"curies":[{"name":"wp","href":"https:\/\/api.w.org\/{rel}","templated":true}]}}